
{"id":10164,"date":"2009-03-01T22:34:46","date_gmt":"2009-03-01T21:34:46","guid":{"rendered":"http:\/\/adamczewscy.pl\/?p=2365"},"modified":"2009-03-01T22:34:46","modified_gmt":"2009-03-01T21:34:46","slug":"salatka-z-burakow-groszku-i-ogorkow","status":"publish","type":"post","link":"https:\/\/blog.polityka.pl\/adamczewski\/2009\/03\/01\/salatka-z-burakow-groszku-i-ogorkow\/","title":{"rendered":"Sa\u0142atka z burak\u00f3w, groszku i og\u00f3rk\u00f3w"},"content":{"rendered":"<p><em>4 \u015brednie buraki, 2 j\u0119drne kiszone og\u00f3rki, puszka groszku konserwowego<br \/>\nNa sos:4 \u0142y\u017cki oleju lub oliwy z oliwek, \u0142y\u017cka posiekanego \u015bwie\u017cego tymianku lub \u0142y\u017ceczka suszonego, 2 \u0142y\u017cki soku cytrynowego lub octu balsamicznego, \u0142y\u017ceczka cukru, s\u00f3l, pieprz do smaku oraz pokrojony na kawa\u0142ki z\u0105bek czosnku.\u00a0<\/em><\/p>\n<p>1. Ugotowa\u0107 buraki w \u0142upinach, ostudzi\u0107, pokroi\u0107 w kostk\u0119 jak na sa\u0142atk\u0119 jarzynow\u0105.<br \/>\n2. Groszek konserwowy odcedzi\u0107.<br \/>\n3. Og\u00f3rki kiszone obra\u0107 ze sk\u00f3rki i pokroi\u0107 tak samo jak buraki.<br \/>\n4. Wymiesza\u0107 sk\u0142adniki sosu :umie\u015bci\u0107  je w zakr\u0119canym s\u0142oiku i energicznie wymiesza\u0107 potrz\u0105saj\u0105c.<br \/>\n5. Wymiesza\u0107 sk\u0142adniki sa\u0142atki z sosem. Po 30 minutach sa\u0142atka jest doskona\u0142a.<\/p>\n","protected":false},"excerpt":{"rendered":"<p>4 \u015brednie buraki, 2 j\u0119drne kiszone og\u00f3rki, puszka groszku konserwowego Na sos:4 \u0142y\u017cki oleju lub oliwy z oliwek, \u0142y\u017cka posiekanego \u015bwie\u017cego tymianku lub \u0142y\u017ceczka suszonego, 2 \u0142y\u017cki soku cytrynowego lub octu balsamicznego, \u0142y\u017ceczka cukru, s\u00f3l, pieprz do smaku oraz pokrojony na kawa\u0142ki z\u0105bek czosnku.\u00a0 1. Ugotowa\u0107 buraki w \u0142upinach, ostudzi\u0107, pokroi\u0107 w kostk\u0119 jak na [&hellip;]<\/p>\n","protected":false},"author":2,"featured_media":0,"comment_status":"open","ping_status":"open","sticky":false,"template":"","format":"standard","meta":{"footnotes":""},"categories":[1],"tags":[],"_links":{"self":[{"href":"https:\/\/blog.polityka.pl\/adamczewski\/wp-json\/wp\/v2\/posts\/10164"}],"collection":[{"href":"https:\/\/blog.polityka.pl\/adamczewski\/wp-json\/wp\/v2\/posts"}],"about":[{"href":"https:\/\/blog.polityka.pl\/adamczewski\/wp-json\/wp\/v2\/types\/post"}],"author":[{"embeddable":true,"href":"https:\/\/blog.polityka.pl\/adamczewski\/wp-json\/wp\/v2\/users\/2"}],"replies":[{"embeddable":true,"href":"https:\/\/blog.polityka.pl\/adamczewski\/wp-json\/wp\/v2\/comments?post=10164"}],"version-history":[{"count":0,"href":"https:\/\/blog.polityka.pl\/adamczewski\/wp-json\/wp\/v2\/posts\/10164\/revisions"}],"wp:attachment":[{"href":"https:\/\/blog.polityka.pl\/adamczewski\/wp-json\/wp\/v2\/media?parent=10164"}],"wp:term":[{"taxonomy":"category","embeddable":true,"href":"https:\/\/blog.polityka.pl\/adamczewski\/wp-json\/wp\/v2\/categories?post=10164"},{"taxonomy":"post_tag","embeddable":true,"href":"https:\/\/blog.polityka.pl\/adamczewski\/wp-json\/wp\/v2\/tags?post=10164"}],"curies":[{"name":"wp","href":"https:\/\/api.w.org\/{rel}","templated":true}]}}