
{"id":10165,"date":"2009-03-01T22:35:20","date_gmt":"2009-03-01T21:35:20","guid":{"rendered":"http:\/\/adamczewscy.pl\/?p=2366"},"modified":"2009-03-01T22:35:20","modified_gmt":"2009-03-01T21:35:20","slug":"makaron-z-twarogiem-i-skwarkami","status":"publish","type":"post","link":"https:\/\/blog.polityka.pl\/adamczewski\/2009\/03\/01\/makaron-z-twarogiem-i-skwarkami\/","title":{"rendered":"Makaron z twarogiem i skwarkami"},"content":{"rendered":"<p><em>25 dag t\u0142ustego bia\u0142ego sera, p\u00f3\u0142 szklanki \u015bmietany,  3\/4 szklanki pokrojonego w kostk\u0119 w\u0119dzonego boczku, 2 \u0142y\u017cki posiekanego szczypiorku (mo\u017ce by\u0107 zielona cz\u0119\u015b\u0107 dymki).\u00a0<\/em><\/p>\n<p>1. Boczek usma\u017cy\u0107 na do\u015b\u0107 du\u017cej patelni. Skwarki powinny by\u0107 chrupkie.<br \/>\n2. Bia\u0142y ser pokruszy\u0107 widelcem i wymiesza\u0107 dok\u0142adnie ze \u015bmietan\u0105.<br \/>\n3. Ugotowa\u0107 makaron, odcedzi\u0107.<br \/>\n4. Na patelni\u0119 z boczkowymi skwarkami wrzuci\u0107  makaron  oraz ser i wszystko dok\u0142adnie wymiesza\u0107.<br \/>\nPodawa\u0107 potraw\u0119 posypan\u0105 posiekanym szczypiorkiem.<\/p>\n","protected":false},"excerpt":{"rendered":"<p>25 dag t\u0142ustego bia\u0142ego sera, p\u00f3\u0142 szklanki \u015bmietany, 3\/4 szklanki pokrojonego w kostk\u0119 w\u0119dzonego boczku, 2 \u0142y\u017cki posiekanego szczypiorku (mo\u017ce by\u0107 zielona cz\u0119\u015b\u0107 dymki).\u00a0 1. Boczek usma\u017cy\u0107 na do\u015b\u0107 du\u017cej patelni. Skwarki powinny by\u0107 chrupkie. 2. Bia\u0142y ser pokruszy\u0107 widelcem i wymiesza\u0107 dok\u0142adnie ze \u015bmietan\u0105. 3. Ugotowa\u0107 makaron, odcedzi\u0107. 4. Na patelni\u0119 z boczkowymi skwarkami [&hellip;]<\/p>\n","protected":false},"author":2,"featured_media":0,"comment_status":"open","ping_status":"open","sticky":false,"template":"","format":"standard","meta":{"footnotes":""},"categories":[1],"tags":[],"_links":{"self":[{"href":"https:\/\/blog.polityka.pl\/adamczewski\/wp-json\/wp\/v2\/posts\/10165"}],"collection":[{"href":"https:\/\/blog.polityka.pl\/adamczewski\/wp-json\/wp\/v2\/posts"}],"about":[{"href":"https:\/\/blog.polityka.pl\/adamczewski\/wp-json\/wp\/v2\/types\/post"}],"author":[{"embeddable":true,"href":"https:\/\/blog.polityka.pl\/adamczewski\/wp-json\/wp\/v2\/users\/2"}],"replies":[{"embeddable":true,"href":"https:\/\/blog.polityka.pl\/adamczewski\/wp-json\/wp\/v2\/comments?post=10165"}],"version-history":[{"count":0,"href":"https:\/\/blog.polityka.pl\/adamczewski\/wp-json\/wp\/v2\/posts\/10165\/revisions"}],"wp:attachment":[{"href":"https:\/\/blog.polityka.pl\/adamczewski\/wp-json\/wp\/v2\/media?parent=10165"}],"wp:term":[{"taxonomy":"category","embeddable":true,"href":"https:\/\/blog.polityka.pl\/adamczewski\/wp-json\/wp\/v2\/categories?post=10165"},{"taxonomy":"post_tag","embeddable":true,"href":"https:\/\/blog.polityka.pl\/adamczewski\/wp-json\/wp\/v2\/tags?post=10165"}],"curies":[{"name":"wp","href":"https:\/\/api.w.org\/{rel}","templated":true}]}}