
{"id":10166,"date":"2009-03-01T22:35:52","date_gmt":"2009-03-01T21:35:52","guid":{"rendered":"http:\/\/adamczewscy.pl\/?p=2367"},"modified":"2009-03-01T22:35:52","modified_gmt":"2009-03-01T21:35:52","slug":"krem-czosnkowy","status":"publish","type":"post","link":"https:\/\/blog.polityka.pl\/adamczewski\/2009\/03\/01\/krem-czosnkowy\/","title":{"rendered":"Krem czosnkowy"},"content":{"rendered":"<p><em>2 szklanki mleka, 2 szklanki wody, 3 bardzo du\u017ce z\u0105bki czosnku, \u0142y\u017cka mas\u0142a, \u0142y\u017cka m\u0105ki, 2 jaja, sok cytrynowy do smaku.\u00a0<\/em><\/p>\n<p>1. W garnku wymiesza\u0107 mleko z wod\u0105, doda\u0107 przeci\u015bni\u0119ty przez prask\u0119 czosnek. Podgrzewa\u0107.<br \/>\n2. Wymiesza\u0107 mas\u0142o z m\u0105k\u0105 (naj\u0142atwiej mo\u017cna to zrobi\u0107 rozpuszczaj\u0105c mas\u0142o w kuchence mikrofalowej i p\u0142ynne po\u0142\u0105czy\u0107 z m\u0105k\u0105) i ubijaj\u0105c trzepaczk\u0105 do piany lub tzw. r\u00f3zg\u0105 po\u0142\u0105czy\u0107 z wrz\u0105c\u0105 zup\u0105.<br \/>\n3. \u017b\u00f3\u0142tka po\u0142\u0105czy\u0107 z kilkoma kroplami soku cytrynowego i w ten sam spos\u00f3b wymiesza\u0107 z zup\u0105, najpierw wlewaj\u0105c jej odrobin\u0119, potem kilka \u0142y\u017cek gor\u0105cej zupy i wci\u0105\u017c ubijaj\u0105c.<br \/>\n4. Na koniec w ten sam spos\u00f3b co \u017c\u00f3\u0142tka po\u0142\u0105czy\u0107 z zup\u0105 bia\u0142ka. Zupa powinna by\u0107 bardzo ?g\u0142adka? i delikatna.<\/p>\n","protected":false},"excerpt":{"rendered":"<p>2 szklanki mleka, 2 szklanki wody, 3 bardzo du\u017ce z\u0105bki czosnku, \u0142y\u017cka mas\u0142a, \u0142y\u017cka m\u0105ki, 2 jaja, sok cytrynowy do smaku.\u00a0 1. W garnku wymiesza\u0107 mleko z wod\u0105, doda\u0107 przeci\u015bni\u0119ty przez prask\u0119 czosnek. Podgrzewa\u0107. 2. Wymiesza\u0107 mas\u0142o z m\u0105k\u0105 (naj\u0142atwiej mo\u017cna to zrobi\u0107 rozpuszczaj\u0105c mas\u0142o w kuchence mikrofalowej i p\u0142ynne po\u0142\u0105czy\u0107 z m\u0105k\u0105) i ubijaj\u0105c [&hellip;]<\/p>\n","protected":false},"author":2,"featured_media":0,"comment_status":"open","ping_status":"open","sticky":false,"template":"","format":"standard","meta":{"footnotes":""},"categories":[1],"tags":[],"_links":{"self":[{"href":"https:\/\/blog.polityka.pl\/adamczewski\/wp-json\/wp\/v2\/posts\/10166"}],"collection":[{"href":"https:\/\/blog.polityka.pl\/adamczewski\/wp-json\/wp\/v2\/posts"}],"about":[{"href":"https:\/\/blog.polityka.pl\/adamczewski\/wp-json\/wp\/v2\/types\/post"}],"author":[{"embeddable":true,"href":"https:\/\/blog.polityka.pl\/adamczewski\/wp-json\/wp\/v2\/users\/2"}],"replies":[{"embeddable":true,"href":"https:\/\/blog.polityka.pl\/adamczewski\/wp-json\/wp\/v2\/comments?post=10166"}],"version-history":[{"count":0,"href":"https:\/\/blog.polityka.pl\/adamczewski\/wp-json\/wp\/v2\/posts\/10166\/revisions"}],"wp:attachment":[{"href":"https:\/\/blog.polityka.pl\/adamczewski\/wp-json\/wp\/v2\/media?parent=10166"}],"wp:term":[{"taxonomy":"category","embeddable":true,"href":"https:\/\/blog.polityka.pl\/adamczewski\/wp-json\/wp\/v2\/categories?post=10166"},{"taxonomy":"post_tag","embeddable":true,"href":"https:\/\/blog.polityka.pl\/adamczewski\/wp-json\/wp\/v2\/tags?post=10166"}],"curies":[{"name":"wp","href":"https:\/\/api.w.org\/{rel}","templated":true}]}}