
{"id":10167,"date":"2009-03-01T22:36:40","date_gmt":"2009-03-01T21:36:40","guid":{"rendered":"http:\/\/adamczewscy.pl\/?p=2368"},"modified":"2009-03-01T22:36:40","modified_gmt":"2009-03-01T21:36:40","slug":"baba-z-polewa-czekoladowa","status":"publish","type":"post","link":"https:\/\/blog.polityka.pl\/adamczewski\/2009\/03\/01\/baba-z-polewa-czekoladowa\/","title":{"rendered":"Baba z polew\u0105 czekoladow\u0105"},"content":{"rendered":"<p><em>2 szklanki maki, 4 jaja, szklanka cukru, 1\/3 szklanki wody, 1\/3 szklanki oleju, 2 \u0142y\u017ceczki proszku do pieczenia.<br \/>\nDo wysmarowania formy: \u0142y\u017cka mas\u0142a. Do wysypania formy: \u0142y\u017cka tartej bu\u0142ki.<br \/>\nNa polew\u0119: 2 \u0142y\u017cki cukru pudru, p\u00f3\u0142 kostki mas\u0142a, 2 \u0142y\u017cki kakao, sok z cytryny<\/em><\/p>\n<p>1. Ca\u0142e jaja utrze\u0107 z cukrem, doda\u0107 m\u0105k\u0119 i proszek do pieczenia, olej oraz wod\u0119. Starannie wymiesza\u0107.<br \/>\n2. Do formy wysmarowanej mas\u0142em i wysypanej tart\u0105 bu\u0142k\u0105 prze\u0142o\u017cy\u0107 ciasto i piec w piekarniku, w temperaturze 200 st C oko\u0142o 40 minut. Lekko ostudzone ciasto wyj\u0105c z formy i wystudzi\u0107 do ko\u0144ca.<br \/>\n3. Przygotowa\u0107 polew\u0119 gotuj\u0105c wszystkie jej sk\u0142adniki, a\u017c zacznie lekko g\u0119stnie\u0107.<br \/>\n4. G\u0119stniej\u0105c\u0105 polew\u0119 rozsmarowa\u0107 na wierzchu i bokach ciasta.<\/p>\n","protected":false},"excerpt":{"rendered":"<p>2 szklanki maki, 4 jaja, szklanka cukru, 1\/3 szklanki wody, 1\/3 szklanki oleju, 2 \u0142y\u017ceczki proszku do pieczenia. Do wysmarowania formy: \u0142y\u017cka mas\u0142a. Do wysypania formy: \u0142y\u017cka tartej bu\u0142ki. Na polew\u0119: 2 \u0142y\u017cki cukru pudru, p\u00f3\u0142 kostki mas\u0142a, 2 \u0142y\u017cki kakao, sok z cytryny 1. Ca\u0142e jaja utrze\u0107 z cukrem, doda\u0107 m\u0105k\u0119 i proszek do [&hellip;]<\/p>\n","protected":false},"author":2,"featured_media":0,"comment_status":"open","ping_status":"open","sticky":false,"template":"","format":"standard","meta":{"footnotes":""},"categories":[1],"tags":[],"_links":{"self":[{"href":"https:\/\/blog.polityka.pl\/adamczewski\/wp-json\/wp\/v2\/posts\/10167"}],"collection":[{"href":"https:\/\/blog.polityka.pl\/adamczewski\/wp-json\/wp\/v2\/posts"}],"about":[{"href":"https:\/\/blog.polityka.pl\/adamczewski\/wp-json\/wp\/v2\/types\/post"}],"author":[{"embeddable":true,"href":"https:\/\/blog.polityka.pl\/adamczewski\/wp-json\/wp\/v2\/users\/2"}],"replies":[{"embeddable":true,"href":"https:\/\/blog.polityka.pl\/adamczewski\/wp-json\/wp\/v2\/comments?post=10167"}],"version-history":[{"count":0,"href":"https:\/\/blog.polityka.pl\/adamczewski\/wp-json\/wp\/v2\/posts\/10167\/revisions"}],"wp:attachment":[{"href":"https:\/\/blog.polityka.pl\/adamczewski\/wp-json\/wp\/v2\/media?parent=10167"}],"wp:term":[{"taxonomy":"category","embeddable":true,"href":"https:\/\/blog.polityka.pl\/adamczewski\/wp-json\/wp\/v2\/categories?post=10167"},{"taxonomy":"post_tag","embeddable":true,"href":"https:\/\/blog.polityka.pl\/adamczewski\/wp-json\/wp\/v2\/tags?post=10167"}],"curies":[{"name":"wp","href":"https:\/\/api.w.org\/{rel}","templated":true}]}}