
{"id":10168,"date":"2009-03-01T22:37:24","date_gmt":"2009-03-01T21:37:24","guid":{"rendered":"http:\/\/adamczewscy.pl\/?p=2369"},"modified":"2009-03-01T22:37:24","modified_gmt":"2009-03-01T21:37:24","slug":"czerwona-kapusta-ananasowa","status":"publish","type":"post","link":"https:\/\/blog.polityka.pl\/adamczewski\/2009\/03\/01\/czerwona-kapusta-ananasowa\/","title":{"rendered":"Czerwona kapusta ananasowa"},"content":{"rendered":"<p><em>G\u0142\u00f3wka czerwonej kapusty ok. 1 kg, 3 \u0142y\u017cki mas\u0142a, 2 winne jab\u0142ka, \u015brednia cebula, 3 go\u017adziki, p\u00f3\u0142 li\u015bcia laurowego, p\u00f3\u0142 szklanki czerwonego wina, p\u00f3\u0142 szklanki soku ananasowego (zalewy z puszki), s\u00f3l, bia\u0142y, \u015bwie\u017co zmielony pieprz, 2 \u0142y\u017ceczki octu winnego, najlepiej czerwonego.\u00a0<\/em><\/p>\n<p>1. Poszatkowa\u0107 cienko kapust\u0119, jab\u0142ko obra\u0107, usun\u0105\u0107 gniazda nasienne i podzieli\u0107 na \u0107wiartki.<br \/>\n2. Rozpu\u015bci\u0107 w garnku mas\u0142o, doda\u0107 jab\u0142ka i kapust\u0119 i wszystko razem podsma\u017cy\u0107.<br \/>\n3. Cebul\u0119 naszpikowa\u0107 go\u017adzikami, doda\u0107 wraz z li\u015bciem laurowym do kapusty, wla\u0107 sok ananasowy, wino oraz doda\u0107 s\u00f3l i pieprz do smaku. Dusi\u0107 potraw\u0119 oko\u0142o 90 minut.<br \/>\n4. Kiedy kapusta jest ju\u017c ugotowana usun\u0105\u0107 cebul\u0119 z go\u017adzikami oraz li\u015b\u0107 laurowy. Doprawi\u0107 kapust\u0119 octem winnym i je\u015bli trzeba jeszcze sol\u0105 i pieprzem.<\/p>\n","protected":false},"excerpt":{"rendered":"<p>G\u0142\u00f3wka czerwonej kapusty ok. 1 kg, 3 \u0142y\u017cki mas\u0142a, 2 winne jab\u0142ka, \u015brednia cebula, 3 go\u017adziki, p\u00f3\u0142 li\u015bcia laurowego, p\u00f3\u0142 szklanki czerwonego wina, p\u00f3\u0142 szklanki soku ananasowego (zalewy z puszki), s\u00f3l, bia\u0142y, \u015bwie\u017co zmielony pieprz, 2 \u0142y\u017ceczki octu winnego, najlepiej czerwonego.\u00a0 1. Poszatkowa\u0107 cienko kapust\u0119, jab\u0142ko obra\u0107, usun\u0105\u0107 gniazda nasienne i podzieli\u0107 na \u0107wiartki. 2. [&hellip;]<\/p>\n","protected":false},"author":2,"featured_media":0,"comment_status":"open","ping_status":"open","sticky":false,"template":"","format":"standard","meta":{"footnotes":""},"categories":[1],"tags":[],"_links":{"self":[{"href":"https:\/\/blog.polityka.pl\/adamczewski\/wp-json\/wp\/v2\/posts\/10168"}],"collection":[{"href":"https:\/\/blog.polityka.pl\/adamczewski\/wp-json\/wp\/v2\/posts"}],"about":[{"href":"https:\/\/blog.polityka.pl\/adamczewski\/wp-json\/wp\/v2\/types\/post"}],"author":[{"embeddable":true,"href":"https:\/\/blog.polityka.pl\/adamczewski\/wp-json\/wp\/v2\/users\/2"}],"replies":[{"embeddable":true,"href":"https:\/\/blog.polityka.pl\/adamczewski\/wp-json\/wp\/v2\/comments?post=10168"}],"version-history":[{"count":0,"href":"https:\/\/blog.polityka.pl\/adamczewski\/wp-json\/wp\/v2\/posts\/10168\/revisions"}],"wp:attachment":[{"href":"https:\/\/blog.polityka.pl\/adamczewski\/wp-json\/wp\/v2\/media?parent=10168"}],"wp:term":[{"taxonomy":"category","embeddable":true,"href":"https:\/\/blog.polityka.pl\/adamczewski\/wp-json\/wp\/v2\/categories?post=10168"},{"taxonomy":"post_tag","embeddable":true,"href":"https:\/\/blog.polityka.pl\/adamczewski\/wp-json\/wp\/v2\/tags?post=10168"}],"curies":[{"name":"wp","href":"https:\/\/api.w.org\/{rel}","templated":true}]}}