
{"id":10169,"date":"2009-03-08T12:36:13","date_gmt":"2009-03-08T11:36:13","guid":{"rendered":"http:\/\/adamczewscy.pl\/?p=2372"},"modified":"2009-03-08T12:36:13","modified_gmt":"2009-03-08T11:36:13","slug":"zapiekany-dorsz-z-dalmacji","status":"publish","type":"post","link":"https:\/\/blog.polityka.pl\/adamczewski\/2009\/03\/08\/zapiekany-dorsz-z-dalmacji\/","title":{"rendered":"Zapiekany dorsz z Dalmacji"},"content":{"rendered":"<p><em>70 dag filet\u00f3w z dorsza, 4 czerwone papryki, 4 \u0142y\u017cki oliwy z oliwek, 4 pomidory, 4 ziemniaki, 2 jajka, szklanka jogurtu naturalnego, p\u00f3\u0142 szklanki startego na tarce sera \u017c\u00f3\u0142tego, \u0142odyga selera naciowego, 2 \u0142y\u017cki posiekanej zielonej pietruszki, s\u00f3l, pieprz.\u00a0<\/em><\/p>\n<p>1. Filety umy\u0107, osuszy\u0107 papierow\u0105 kuchenn\u0105 \u015bciereczk\u0105 i u\u0142o\u017cy\u0107 w \u017caroodpornym naczyniu sowicie polanym oliwa.<br \/>\n2. Papryk\u0119 umy\u0107, osuszy\u0107, oczy\u015bci\u0107, pokroi\u0107 w paski. U\u0142o\u017cy\u0107 w \u017caroodpornym naczyniu na rybie.<br \/>\n3. Pomidory obra\u0107 ze sk\u00f3rki, pokroi\u0107 w plasterki, u\u0142o\u017cy\u0107 na papryce.<br \/>\n4. Ziemniaki obra\u0107, op\u0142uka\u0107, osuszy\u0107 i pokroi\u0107 w plasterki, u\u0142o\u017cy\u0107 na  pomidorach.<br \/>\n5. Jogurt wymiesza\u0107 z jajami, serem startym, posiekan\u0105 zielon\u0105 pietruszk\u0105 i posiekan\u0105 jak najdrobniej \u0142odyg\u0105 selera.<br \/>\n6. Piec w piekarniku nagrzanym do tempera tury 170 st C oko\u0142o 30-35 minut.<\/p>\n","protected":false},"excerpt":{"rendered":"<p>70 dag filet\u00f3w z dorsza, 4 czerwone papryki, 4 \u0142y\u017cki oliwy z oliwek, 4 pomidory, 4 ziemniaki, 2 jajka, szklanka jogurtu naturalnego, p\u00f3\u0142 szklanki startego na tarce sera \u017c\u00f3\u0142tego, \u0142odyga selera naciowego, 2 \u0142y\u017cki posiekanej zielonej pietruszki, s\u00f3l, pieprz.\u00a0 1. Filety umy\u0107, osuszy\u0107 papierow\u0105 kuchenn\u0105 \u015bciereczk\u0105 i u\u0142o\u017cy\u0107 w \u017caroodpornym naczyniu sowicie polanym oliwa. 2. [&hellip;]<\/p>\n","protected":false},"author":2,"featured_media":0,"comment_status":"open","ping_status":"open","sticky":false,"template":"","format":"standard","meta":{"footnotes":""},"categories":[1],"tags":[],"_links":{"self":[{"href":"https:\/\/blog.polityka.pl\/adamczewski\/wp-json\/wp\/v2\/posts\/10169"}],"collection":[{"href":"https:\/\/blog.polityka.pl\/adamczewski\/wp-json\/wp\/v2\/posts"}],"about":[{"href":"https:\/\/blog.polityka.pl\/adamczewski\/wp-json\/wp\/v2\/types\/post"}],"author":[{"embeddable":true,"href":"https:\/\/blog.polityka.pl\/adamczewski\/wp-json\/wp\/v2\/users\/2"}],"replies":[{"embeddable":true,"href":"https:\/\/blog.polityka.pl\/adamczewski\/wp-json\/wp\/v2\/comments?post=10169"}],"version-history":[{"count":0,"href":"https:\/\/blog.polityka.pl\/adamczewski\/wp-json\/wp\/v2\/posts\/10169\/revisions"}],"wp:attachment":[{"href":"https:\/\/blog.polityka.pl\/adamczewski\/wp-json\/wp\/v2\/media?parent=10169"}],"wp:term":[{"taxonomy":"category","embeddable":true,"href":"https:\/\/blog.polityka.pl\/adamczewski\/wp-json\/wp\/v2\/categories?post=10169"},{"taxonomy":"post_tag","embeddable":true,"href":"https:\/\/blog.polityka.pl\/adamczewski\/wp-json\/wp\/v2\/tags?post=10169"}],"curies":[{"name":"wp","href":"https:\/\/api.w.org\/{rel}","templated":true}]}}