
{"id":10170,"date":"2009-03-08T12:36:56","date_gmt":"2009-03-08T11:36:56","guid":{"rendered":"http:\/\/adamczewscy.pl\/?p=2373"},"modified":"2009-03-08T12:36:56","modified_gmt":"2009-03-08T11:36:56","slug":"szybka-zupa-hiszpanska","status":"publish","type":"post","link":"https:\/\/blog.polityka.pl\/adamczewski\/2009\/03\/08\/szybka-zupa-hiszpanska\/","title":{"rendered":"Szybka zupa hiszpa\u0144ska"},"content":{"rendered":"<p><em>3 du\u017ce papryki: zielona, \u017c\u00f3\u0142ta i  czerwona, cebula, puszka kukurydzy konserwowej, puszka fasoli czerwonej i puszka krojonych pomidor\u00f3w w soku, 4 szklanki bulionu (mo\u017ce by\u0107 z kostki), p\u00f3\u0142 szklanki \u015bmietany (mo\u017ce by\u0107 12-proc. ), 3 \u0142y\u017cki oliwy z oliwek, s\u00f3l, pieprz, \u0142y\u017cka posiekanego szczypiorku, 2 \u0142y\u017cki m\u0105ki ziemniaczanej.\u00a0<\/em><\/p>\n<p>1. Cebule obra\u0107 i pokroi\u0107 w pi\u00f3rka.<br \/>\n2. Papryki umy\u0107, usun\u0105\u0107 gniazda nasienne, pokroi\u0107 w kostk\u0119.<br \/>\n3. Rozgrza\u0107 oliw\u0119 doda\u0107 cebul\u0119 i papryk\u0119, dusi\u0107 oko\u0142o 5 minut.<br \/>\n4. W tym czasie kukurydz\u0119 i fasol\u0119 ods\u0105czy\u0107 z zalewy.<br \/>\n5. Po\u0142\u0105czy\u0107 w garnku uduszon\u0105 cebul\u0119 z papryk\u0105, pomidory z puszki wraz z zalew\u0105 oraz ods\u0105czon\u0105 kukurydz\u0119 i fasol\u0119. Gotowa\u0107 razem co najmniej 10 minut, doprawi\u0107 sol\u0105 i pieprzem , doda\u0107 wymieszan\u0105 z 2 \u0142y\u017ckami zimnej wody m\u0105k\u0119 ziemniaczan\u0105 i doprowadzi\u0107 zn\u00f3w do wrzenia.<br \/>\nZup\u0119 podawa\u0107 z talerzach posypan\u0105 posiekanym szczypiorkiem.<\/p>\n","protected":false},"excerpt":{"rendered":"<p>3 du\u017ce papryki: zielona, \u017c\u00f3\u0142ta i czerwona, cebula, puszka kukurydzy konserwowej, puszka fasoli czerwonej i puszka krojonych pomidor\u00f3w w soku, 4 szklanki bulionu (mo\u017ce by\u0107 z kostki), p\u00f3\u0142 szklanki \u015bmietany (mo\u017ce by\u0107 12-proc. ), 3 \u0142y\u017cki oliwy z oliwek, s\u00f3l, pieprz, \u0142y\u017cka posiekanego szczypiorku, 2 \u0142y\u017cki m\u0105ki ziemniaczanej.\u00a0 1. Cebule obra\u0107 i pokroi\u0107 w pi\u00f3rka. [&hellip;]<\/p>\n","protected":false},"author":2,"featured_media":0,"comment_status":"open","ping_status":"open","sticky":false,"template":"","format":"standard","meta":{"footnotes":""},"categories":[1],"tags":[],"_links":{"self":[{"href":"https:\/\/blog.polityka.pl\/adamczewski\/wp-json\/wp\/v2\/posts\/10170"}],"collection":[{"href":"https:\/\/blog.polityka.pl\/adamczewski\/wp-json\/wp\/v2\/posts"}],"about":[{"href":"https:\/\/blog.polityka.pl\/adamczewski\/wp-json\/wp\/v2\/types\/post"}],"author":[{"embeddable":true,"href":"https:\/\/blog.polityka.pl\/adamczewski\/wp-json\/wp\/v2\/users\/2"}],"replies":[{"embeddable":true,"href":"https:\/\/blog.polityka.pl\/adamczewski\/wp-json\/wp\/v2\/comments?post=10170"}],"version-history":[{"count":0,"href":"https:\/\/blog.polityka.pl\/adamczewski\/wp-json\/wp\/v2\/posts\/10170\/revisions"}],"wp:attachment":[{"href":"https:\/\/blog.polityka.pl\/adamczewski\/wp-json\/wp\/v2\/media?parent=10170"}],"wp:term":[{"taxonomy":"category","embeddable":true,"href":"https:\/\/blog.polityka.pl\/adamczewski\/wp-json\/wp\/v2\/categories?post=10170"},{"taxonomy":"post_tag","embeddable":true,"href":"https:\/\/blog.polityka.pl\/adamczewski\/wp-json\/wp\/v2\/tags?post=10170"}],"curies":[{"name":"wp","href":"https:\/\/api.w.org\/{rel}","templated":true}]}}