
{"id":10178,"date":"2009-03-15T07:31:29","date_gmt":"2009-03-15T06:31:29","guid":{"rendered":"http:\/\/adamczewscy.pl\/?p=2382"},"modified":"2009-03-15T07:31:29","modified_gmt":"2009-03-15T06:31:29","slug":"surowka-ogorkowa","status":"publish","type":"post","link":"https:\/\/blog.polityka.pl\/adamczewski\/2009\/03\/15\/surowka-ogorkowa\/","title":{"rendered":"Sur\u00f3wka og\u00f3rkowa"},"content":{"rendered":"<p><em>2 d\u0142ugie og\u00f3rki-w\u0119\u017ce, \u0142y\u017cka startego \u015bwie\u017cego chrzanu lub 2 \u0142y\u017cki chrzanu ze s\u0142oiczka, 2 \u0142y\u017cki posiekanego szczypiorku, 2 \u0142y\u017cki posiekanego koperku, \u0142y\u017cka oliwy z oliwek lub oleju z pestek winogron, \u0142y\u017cka soku cytrynowego, s\u00f3l, pieprz.\u00a0<\/em><\/p>\n<p>1. Og\u00f3rki obra\u0107, pokroi\u0107 w kostk\u0119, lekko posoli\u0107 i odstawi\u0107 na 15 minut. Dok\u0142adnie ods\u0105czy\u0107.<br \/>\n2. Chrzan wymiesza\u0107 z oliw\u0105 lub olejem, sokiem cytrynowym, sol\u0105 i pieprzem do smaku.<br \/>\n3. Po\u0142\u0105czy\u0107 og\u00f3rki z siekanym szczypiorkiem i koperkiem, pola\u0107 sa\u0142atk\u0119 sosem. Mo\u017cna podawa\u0107 od razu.<\/p>\n","protected":false},"excerpt":{"rendered":"<p>2 d\u0142ugie og\u00f3rki-w\u0119\u017ce, \u0142y\u017cka startego \u015bwie\u017cego chrzanu lub 2 \u0142y\u017cki chrzanu ze s\u0142oiczka, 2 \u0142y\u017cki posiekanego szczypiorku, 2 \u0142y\u017cki posiekanego koperku, \u0142y\u017cka oliwy z oliwek lub oleju z pestek winogron, \u0142y\u017cka soku cytrynowego, s\u00f3l, pieprz.\u00a0 1. Og\u00f3rki obra\u0107, pokroi\u0107 w kostk\u0119, lekko posoli\u0107 i odstawi\u0107 na 15 minut. Dok\u0142adnie ods\u0105czy\u0107. 2. Chrzan wymiesza\u0107 z oliw\u0105 [&hellip;]<\/p>\n","protected":false},"author":2,"featured_media":0,"comment_status":"open","ping_status":"open","sticky":false,"template":"","format":"standard","meta":{"footnotes":""},"categories":[1],"tags":[],"_links":{"self":[{"href":"https:\/\/blog.polityka.pl\/adamczewski\/wp-json\/wp\/v2\/posts\/10178"}],"collection":[{"href":"https:\/\/blog.polityka.pl\/adamczewski\/wp-json\/wp\/v2\/posts"}],"about":[{"href":"https:\/\/blog.polityka.pl\/adamczewski\/wp-json\/wp\/v2\/types\/post"}],"author":[{"embeddable":true,"href":"https:\/\/blog.polityka.pl\/adamczewski\/wp-json\/wp\/v2\/users\/2"}],"replies":[{"embeddable":true,"href":"https:\/\/blog.polityka.pl\/adamczewski\/wp-json\/wp\/v2\/comments?post=10178"}],"version-history":[{"count":0,"href":"https:\/\/blog.polityka.pl\/adamczewski\/wp-json\/wp\/v2\/posts\/10178\/revisions"}],"wp:attachment":[{"href":"https:\/\/blog.polityka.pl\/adamczewski\/wp-json\/wp\/v2\/media?parent=10178"}],"wp:term":[{"taxonomy":"category","embeddable":true,"href":"https:\/\/blog.polityka.pl\/adamczewski\/wp-json\/wp\/v2\/categories?post=10178"},{"taxonomy":"post_tag","embeddable":true,"href":"https:\/\/blog.polityka.pl\/adamczewski\/wp-json\/wp\/v2\/tags?post=10178"}],"curies":[{"name":"wp","href":"https:\/\/api.w.org\/{rel}","templated":true}]}}