
{"id":10179,"date":"2009-03-15T07:32:25","date_gmt":"2009-03-15T06:32:25","guid":{"rendered":"http:\/\/adamczewscy.pl\/?p=2383"},"modified":"2009-03-15T07:32:25","modified_gmt":"2009-03-15T06:32:25","slug":"jablka-w-ciescie-2","status":"publish","type":"post","link":"https:\/\/blog.polityka.pl\/adamczewski\/2009\/03\/15\/jablka-w-ciescie-2\/","title":{"rendered":"Jab\u0142ka w cie\u015bcie"},"content":{"rendered":"<p><em>6 winnych jab\u0142ek, p\u00f3\u0142 szklanki m\u0105ki, p\u00f3\u0142 szklanki jasnego piwa, 3 jajka, 2 \u0142y\u017cki cukru, szczypta soli, 4-5 \u0142y\u017cek oleju do sma\u017cenia. Do posypywania: cukier puder, p\u00f3\u0142 \u0142y\u017ceczki mielonego cynamonu.\u00a0<\/em><\/p>\n<p>1. Oddzieli\u0107 bia\u0142ka od \u017c\u00f3\u0142tek.<br \/>\n2. Wsypa\u0107 do wysokiego garnuszka m\u0105k\u0119, doda\u0107 \u017c\u00f3\u0142tka, szczypt\u0119 soli i cukier i ubijaj\u0105c r\u0119cznym mikserem dolewa\u0107 piwo.<br \/>\n3. Ubi\u0107 sztywna piane z bia\u0142ek, doda\u0107 do ciasta mieszaj\u0105c.<br \/>\n4. Jab\u0142ka obra\u0107 ze sk\u00f3rki, pokroi\u0107 w plasterki i usun\u0105\u0107 gniazda nasienne.<br \/>\n5. Rozgrza\u0107 olej na patelni, macza\u0107 w cie\u015bcie kr\u0105\u017cki jab\u0142ek, partiami sma\u017cy\u0107 na z\u0142oto z obu stron.<br \/>\n6. Usma\u017cone jab\u0142ka w cie\u015bcie os\u0105czy\u0107 na kuchennej papierowej \u015bciereczce z nadmiaru t\u0142uszczu, posypa\u0107 cukrem pudrem i odrobin\u0105 cynamonu.<\/p>\n","protected":false},"excerpt":{"rendered":"<p>6 winnych jab\u0142ek, p\u00f3\u0142 szklanki m\u0105ki, p\u00f3\u0142 szklanki jasnego piwa, 3 jajka, 2 \u0142y\u017cki cukru, szczypta soli, 4-5 \u0142y\u017cek oleju do sma\u017cenia. Do posypywania: cukier puder, p\u00f3\u0142 \u0142y\u017ceczki mielonego cynamonu.\u00a0 1. Oddzieli\u0107 bia\u0142ka od \u017c\u00f3\u0142tek. 2. Wsypa\u0107 do wysokiego garnuszka m\u0105k\u0119, doda\u0107 \u017c\u00f3\u0142tka, szczypt\u0119 soli i cukier i ubijaj\u0105c r\u0119cznym mikserem dolewa\u0107 piwo. 3. Ubi\u0107 [&hellip;]<\/p>\n","protected":false},"author":2,"featured_media":0,"comment_status":"open","ping_status":"open","sticky":false,"template":"","format":"standard","meta":{"footnotes":""},"categories":[1],"tags":[],"_links":{"self":[{"href":"https:\/\/blog.polityka.pl\/adamczewski\/wp-json\/wp\/v2\/posts\/10179"}],"collection":[{"href":"https:\/\/blog.polityka.pl\/adamczewski\/wp-json\/wp\/v2\/posts"}],"about":[{"href":"https:\/\/blog.polityka.pl\/adamczewski\/wp-json\/wp\/v2\/types\/post"}],"author":[{"embeddable":true,"href":"https:\/\/blog.polityka.pl\/adamczewski\/wp-json\/wp\/v2\/users\/2"}],"replies":[{"embeddable":true,"href":"https:\/\/blog.polityka.pl\/adamczewski\/wp-json\/wp\/v2\/comments?post=10179"}],"version-history":[{"count":0,"href":"https:\/\/blog.polityka.pl\/adamczewski\/wp-json\/wp\/v2\/posts\/10179\/revisions"}],"wp:attachment":[{"href":"https:\/\/blog.polityka.pl\/adamczewski\/wp-json\/wp\/v2\/media?parent=10179"}],"wp:term":[{"taxonomy":"category","embeddable":true,"href":"https:\/\/blog.polityka.pl\/adamczewski\/wp-json\/wp\/v2\/categories?post=10179"},{"taxonomy":"post_tag","embeddable":true,"href":"https:\/\/blog.polityka.pl\/adamczewski\/wp-json\/wp\/v2\/tags?post=10179"}],"curies":[{"name":"wp","href":"https:\/\/api.w.org\/{rel}","templated":true}]}}