
{"id":1018,"date":"2009-07-17T08:00:42","date_gmt":"2009-07-17T06:00:42","guid":{"rendered":"http:\/\/adamczewski.blog.polityka.pl\/?p=1018"},"modified":"2009-07-08T13:04:26","modified_gmt":"2009-07-08T11:04:26","slug":"jak-kuba-zostal-ptasia-matka","status":"publish","type":"post","link":"https:\/\/blog.polityka.pl\/adamczewski\/2009\/07\/17\/jak-kuba-zostal-ptasia-matka\/","title":{"rendered":"Jak Kuba zosta\u0142 ptasi\u0105  matk\u0105"},"content":{"rendered":"<p class=\"MsoNormal\" style=\"margin: 0cm 0cm 0pt; line-height: 150%;\"><strong style=\"mso-bidi-font-weight: normal;\"><\/strong><\/p>\n<p class=\"MsoNormal\" style=\"margin: 0cm 0cm 0pt; line-height: 150%;\"><span style=\"font-family: Arial; mso-bidi-font-family: 'Times New Roman';\"><span style=\"font-size: small;\">M\u00f3j wnuk zarabia na wyjazd do Hiszpanii. B\u0119dzie tam m.in. na kursie j\u0119zyka ale tak\u017ce b\u0119dzie zwiedza\u0142 kraj, odwiedzi kole\u017cank\u0119 poznan\u0105 w ubieg\u0142ym roku w Brighton podczas kursu angielskiego, popracuje troch\u0119 w hotelu naszej kuzynki. I chce te\u017c mie\u0107 w\u0142asne zarobione pieni\u0105dze a nie tylko otrzymane od Mamy i Dziadka.<\/span><\/span><\/p>\n<p class=\"MsoNormal\" style=\"margin: 0cm 0cm 0pt; line-height: 150%;\">\u00a0<\/p>\n<p class=\"MsoNormal\" style=\"margin: 0cm 0cm 0pt; line-height: 150%;\"><span style=\"font-family: Arial; mso-bidi-font-family: 'Times New Roman';\"><span style=\"font-size: small;\">Od wielu tygodni wi\u0119c ci\u0119\u017cko pracuje. By\u0142 pomocnikiem budowla\u0144ca przy ok\u0142adaniu kamieniem wapiennym willi w Podkowie Le\u015bnej, a ostatnio zatrudni\u0142 si\u0119 jako drwal u naszych przyjaci\u00f3\u0142 w s\u0105siedniej wsi. Wyr\u0105ba\u0142 wszystkie usch\u0142e sosny, a by\u0142o ich sporo, pozbawi\u0142 ga\u0142\u0119zi i poci\u0105\u0142 je na kawa\u0142ki pnie na kawa\u0142ki mieszcz\u0105ce si\u0119 w piecu kuchennym. Naprawd\u0119 ci\u0119\u017cka robota nawet dla dobrze zbudowanego 17-latka. Ale co zarobi\u0142 to ma. A pracodawcy nie byli sk\u0105pi.<\/span><\/span><\/p>\n<p class=\"MsoNormal\" style=\"margin: 0cm 0cm 0pt; line-height: 150%;\">\u00a0<\/p>\n<p class=\"MsoNormal\" style=\"margin: 0cm 0cm 0pt; line-height: 150%;\"><span style=\"font-family: Arial; mso-bidi-font-family: 'Times New Roman';\"><span style=\"font-size: small;\">W ostatnim dniu wyr\u0119bu Kuba znalaz\u0142 w trawie obok drewutni trzy pisklaki nieznanego i nierozpoznanego ptaszka. Mia\u0142y jeszcze \u017c\u00f3\u0142te dzioby i prze\u017aroczyst\u0105 sk\u00f3rk\u0119. Zatelefonowa\u0142 wi\u0119c do Agaty czyli swojej mamy, kt\u00f3ra jest biologiem i z zami\u0142owania ornitologiem, pytaj\u0105c co ma zrobi\u0107, by maluchy uratowa\u0107. W odpowiedzi us\u0142ysza\u0142: &#8211; zostaw je. Nie pomo\u017cesz, to niemo\u017cliwe. Prawa natury s\u0105 nieub\u0142agane. I nie szukaj gniazda, bo je\u015bli nawet znajdziesz, to i tak ich nie przyjm\u0105. Wypad\u0142y\u00a0&#8211; to musz\u0105 zgin\u0105\u0107<\/span><\/span><span style=\"font-family: Arial; mso-bidi-font-family: 'Times New Roman';\"><span style=\"font-size: small;\">.<\/span><\/span><\/p>\n<p class=\"MsoNormal\" style=\"margin: 0cm 0cm 0pt; line-height: 150%;\">\u00a0<\/p>\n<p class=\"MsoNormal\" style=\"margin: 0cm 0cm 0pt; line-height: 150%;\">\u00a0<\/p>\n<p class=\"MsoNormal\" style=\"margin: 0cm 0cm 0pt; line-height: 150%;\"><span style=\"font-family: Arial; mso-bidi-font-family: 'Times New Roman';\"><span style=\"font-size: small;\">Twardy drwal (i cyniczny anarchista\u00a0&#8211; jak sam si\u0119 okre\u015bla) omal si\u0119 nie rozp\u0142aka\u0142. I nie pos\u0142ucha\u0142 matki. Zabra\u0142 piskl\u0119ta do naszego domu. Zrobi\u0142 im w koszyczku gniazdko z trawy i zacz\u0105\u0142 \u0142apa\u0107 muchy. Agata s\u0142ysz\u0105c od nas co si\u0119 dzieje da\u0142a synkowi numer telefonu swego kolegi ornitologa. Ten najpierw powt\u00f3rzy\u0142 to samo co ona ale widz\u0105c determinacj\u0119 m\u0142odego cz\u0142owieka poradzi\u0142 mu, by karmi\u0142 piskl\u0119ta bia\u0142ym serem i wod\u0105.<\/span><\/span><\/p>\n<p class=\"MsoNormal\" style=\"margin: 0cm 0cm 0pt; line-height: 150%;\">\u00a0<\/p>\n<p class=\"MsoNormal\" style=\"margin: 0cm 0cm 0pt; line-height: 150%;\">\u00a0<\/p>\n<p class=\"MsoNormal\" style=\"margin: 0cm 0cm 0pt; line-height: 150%;\"><span style=\"font-family: Arial; mso-bidi-font-family: 'Times New Roman';\"><span style=\"font-size: small;\">I tak Kuba zosta\u0142 ptasi\u0105 matk\u0105. I to bardzo troskliw\u0105. Trwa\u0142o to jednak tylko dwie doby. Ptaki\u00a0&#8211; tak\u00a0jak twierdzili fachowcy\u00a0&#8211; nie prze\u017cy\u0142y. Poch\u00f3wkiem musia\u0142em si\u0119 sam zaj\u0105\u0107, bo twardziel by\u0142 nieco rozklejony. No ale czy mo\u017cna mu si\u0119 dziwi\u0107. Sami popatrzcie:<\/span><\/span><\/p>\n<p class=\"MsoNormal\" style=\"margin: 0cm 0cm 0pt; line-height: 150%;\">\u00a0<img loading=\"lazy\" decoding=\"async\" class=\"aligncenter size-full wp-image-1019\" title=\"piskle-lecino-p6300051\" src=\"\/wp-content\/uploads\/2009\/07\/piskle-lecino-p6300051.jpg\" alt=\"\" width=\"500\" height=\"375\" srcset=\"\/adamczewski\/wp-content\/uploads\/2009\/07\/piskle-lecino-p6300051.jpg 640w, \/adamczewski\/wp-content\/uploads\/2009\/07\/piskle-lecino-p6300051-300x225.jpg 300w\" sizes=\"(max-width: 500px) 100vw, 500px\" \/><\/p>\n<p class=\"MsoNormal\" style=\"margin: 0cm 0cm 0pt; line-height: 150%;\"><span style=\"font-family: Arial; mso-bidi-font-family: 'Times New Roman';\"><span style=\"font-size: small;\"><em>\u00a0<\/em><\/span><\/span><\/p>\n<p class=\"MsoNormal\" style=\"margin: 0cm 0cm 0pt; line-height: 150%;\"><span style=\"font-size: small; font-family: Arial;\"><em>Tak &#8222;toto&#8221; wygl\u0105da\u0142o!<\/em><\/span><\/p>\n<p class=\"MsoNormal\" style=\"margin: 0cm 0cm 0pt; line-height: 150%;\"><span style=\"font-family: Arial; mso-bidi-font-family: 'Times New Roman';\"><span style=\"font-size: small;\">\u00a0<\/span><\/span><\/p>\n<p class=\"MsoNormal\" style=\"margin: 0cm 0cm 0pt; line-height: 150%;\"><span style=\"font-family: Arial; mso-bidi-font-family: 'Times New Roman';\"><span style=\"font-size: small;\">\u00a0<\/span><\/span><\/p>\n<p class=\"MsoNormal\" style=\"margin: 0cm 0cm 0pt; line-height: 150%;\"><span style=\"font-family: Arial; mso-bidi-font-family: 'Times New Roman';\"><span style=\"font-size: small;\">Po tej przygodzie odm\u00f3wi\u0142 zjedzenia pieczonych przepi\u00f3rek a my rozumiej\u0105c te rozterki zmienili\u015bmy menu na rybne. Na szcz\u0119\u015bcie w Pu\u0142tusku (tu\u017c przy g\u0142\u00f3wnej ulicy prowadz\u0105cej do Rynku) jest doskonale zaopatrzony skleb rybny,\u00a0wi\u0119c mo\u017cna wybiera\u0107. Tym razem wzi\u0119li\u015bmy prawie kilogram p\u0142at\u00f3w soli. Usma\u017cyli\u015bmy j\u0105 bez \u017cadnych ekstrawagancji i popili\u015bmy ostatni\u0105 (w winiarce) flaszk\u0105 Chablis.<\/span><\/span><\/p>\n<p class=\"MsoNormal\" style=\"margin: 0cm 0cm 0pt; line-height: 150%;\">\u00a0<\/p>\n<p class=\"MsoNormal\" style=\"margin: 0cm 0cm 0pt; line-height: 150%;\">\u00a0<\/p>\n<p class=\"MsoNormal\" style=\"margin: 0cm 0cm 0pt; line-height: 150%;\"><span style=\"font-family: Arial; mso-bidi-font-family: 'Times New Roman';\"><span style=\"font-size: small;\">Przy rybie Kuba rozchmurzy\u0142 si\u0119 cho\u0107 s\u0105dz\u0119, \u017ce to do\u015bwiadczenie (my\u015bl\u0119 o piskl\u0119tach a nie o obiedzie i winie) czego\u015b go nauczy\u0142o. Na koniec bowiem stwierdzi\u0142, \u017ce \u017cadnego stworzenia (nawet cz\u0142owieka\u00a0&#8211; jak mrukn\u0105\u0142, by okaza\u0107 sw\u00f3j cynizm) nie mo\u017cna zostawi\u0107 bez pomocy.<\/span><\/span><\/p>\n","protected":false},"excerpt":{"rendered":"<p>M\u00f3j wnuk zarabia na wyjazd do Hiszpanii. B\u0119dzie tam m.in. na kursie j\u0119zyka ale tak\u017ce b\u0119dzie zwiedza\u0142 kraj, odwiedzi kole\u017cank\u0119 poznan\u0105 w ubieg\u0142ym roku w Brighton podczas kursu angielskiego, popracuje troch\u0119 w hotelu naszej kuzynki. I chce te\u017c mie\u0107 w\u0142asne zarobione pieni\u0105dze a nie tylko otrzymane od Mamy i Dziadka. \u00a0 Od wielu tygodni wi\u0119c [&hellip;]<\/p>\n","protected":false},"author":2,"featured_media":0,"comment_status":"open","ping_status":"open","sticky":false,"template":"","format":"standard","meta":{"footnotes":""},"categories":[1],"tags":[],"_links":{"self":[{"href":"https:\/\/blog.polityka.pl\/adamczewski\/wp-json\/wp\/v2\/posts\/1018"}],"collection":[{"href":"https:\/\/blog.polityka.pl\/adamczewski\/wp-json\/wp\/v2\/posts"}],"about":[{"href":"https:\/\/blog.polityka.pl\/adamczewski\/wp-json\/wp\/v2\/types\/post"}],"author":[{"embeddable":true,"href":"https:\/\/blog.polityka.pl\/adamczewski\/wp-json\/wp\/v2\/users\/2"}],"replies":[{"embeddable":true,"href":"https:\/\/blog.polityka.pl\/adamczewski\/wp-json\/wp\/v2\/comments?post=1018"}],"version-history":[{"count":0,"href":"https:\/\/blog.polityka.pl\/adamczewski\/wp-json\/wp\/v2\/posts\/1018\/revisions"}],"wp:attachment":[{"href":"https:\/\/blog.polityka.pl\/adamczewski\/wp-json\/wp\/v2\/media?parent=1018"}],"wp:term":[{"taxonomy":"category","embeddable":true,"href":"https:\/\/blog.polityka.pl\/adamczewski\/wp-json\/wp\/v2\/categories?post=1018"},{"taxonomy":"post_tag","embeddable":true,"href":"https:\/\/blog.polityka.pl\/adamczewski\/wp-json\/wp\/v2\/tags?post=1018"}],"curies":[{"name":"wp","href":"https:\/\/api.w.org\/{rel}","templated":true}]}}