
{"id":10180,"date":"2009-03-15T07:34:08","date_gmt":"2009-03-15T06:34:08","guid":{"rendered":"http:\/\/adamczewscy.pl\/?p=2384"},"modified":"2009-03-15T07:34:08","modified_gmt":"2009-03-15T06:34:08","slug":"deser-na-okraglo","status":"publish","type":"post","link":"https:\/\/blog.polityka.pl\/adamczewski\/2009\/03\/15\/deser-na-okraglo\/","title":{"rendered":"Deser na okr\u0105g\u0142o"},"content":{"rendered":"<p><em>3\/4 szklanki m\u0105ki, szklanka mleka, 4 \u0142y\u017cki wody, jajko, szczypta soli, puszka ananasa w syropie, 3 \u0142y\u017cki oleju do sma\u017cenia, 2 \u0142y\u017cki posiekanych migda\u0142\u00f3w i \u0142y\u017cka cukru pudru do posypania.\u00a0<\/em><\/p>\n<p>1. Kr\u0105\u017cki ananasa wyj\u0105\u0107 z puszki i dok\u0142adnie os\u0105czy\u0107. Kr\u0105\u017cki ananasa podsma\u017cy\u0107 kolejno na \u0142y\u017cce oleju.<br \/>\n2. Zmiksowa\u0107 m\u0105k\u0119 z jajkiem, wod\u0105 i mlekiem oraz szczypt\u0105 soli.<br \/>\n3. Na patelnie wla\u0107  nieco oleju, rozgrza\u0107, wla\u0107 warstewk\u0119 ciasta, na niej u\u0142o\u017cy\u0107 kr\u0105\u017cek ananasa, sma\u017cy\u0107 2 minuty, po czym odwr\u00f3ci\u0107 na drug\u0105 stron\u0119 i dosma\u017cy\u0107 placek. Tak samo post\u0119powa\u0107 z pozosta\u0142ymi kr\u0105\u017ckami.<br \/>\n4. Placuszki posypa\u0107 cukrem i posiekanymi migda\u0142ami.<\/p>\n","protected":false},"excerpt":{"rendered":"<p>3\/4 szklanki m\u0105ki, szklanka mleka, 4 \u0142y\u017cki wody, jajko, szczypta soli, puszka ananasa w syropie, 3 \u0142y\u017cki oleju do sma\u017cenia, 2 \u0142y\u017cki posiekanych migda\u0142\u00f3w i \u0142y\u017cka cukru pudru do posypania.\u00a0 1. Kr\u0105\u017cki ananasa wyj\u0105\u0107 z puszki i dok\u0142adnie os\u0105czy\u0107. Kr\u0105\u017cki ananasa podsma\u017cy\u0107 kolejno na \u0142y\u017cce oleju. 2. Zmiksowa\u0107 m\u0105k\u0119 z jajkiem, wod\u0105 i mlekiem oraz [&hellip;]<\/p>\n","protected":false},"author":2,"featured_media":0,"comment_status":"open","ping_status":"open","sticky":false,"template":"","format":"standard","meta":{"footnotes":""},"categories":[1],"tags":[],"_links":{"self":[{"href":"https:\/\/blog.polityka.pl\/adamczewski\/wp-json\/wp\/v2\/posts\/10180"}],"collection":[{"href":"https:\/\/blog.polityka.pl\/adamczewski\/wp-json\/wp\/v2\/posts"}],"about":[{"href":"https:\/\/blog.polityka.pl\/adamczewski\/wp-json\/wp\/v2\/types\/post"}],"author":[{"embeddable":true,"href":"https:\/\/blog.polityka.pl\/adamczewski\/wp-json\/wp\/v2\/users\/2"}],"replies":[{"embeddable":true,"href":"https:\/\/blog.polityka.pl\/adamczewski\/wp-json\/wp\/v2\/comments?post=10180"}],"version-history":[{"count":0,"href":"https:\/\/blog.polityka.pl\/adamczewski\/wp-json\/wp\/v2\/posts\/10180\/revisions"}],"wp:attachment":[{"href":"https:\/\/blog.polityka.pl\/adamczewski\/wp-json\/wp\/v2\/media?parent=10180"}],"wp:term":[{"taxonomy":"category","embeddable":true,"href":"https:\/\/blog.polityka.pl\/adamczewski\/wp-json\/wp\/v2\/categories?post=10180"},{"taxonomy":"post_tag","embeddable":true,"href":"https:\/\/blog.polityka.pl\/adamczewski\/wp-json\/wp\/v2\/tags?post=10180"}],"curies":[{"name":"wp","href":"https:\/\/api.w.org\/{rel}","templated":true}]}}