
{"id":10181,"date":"2009-03-15T07:35:39","date_gmt":"2009-03-15T06:35:39","guid":{"rendered":"http:\/\/adamczewscy.pl\/?p=2385"},"modified":"2009-03-15T07:35:39","modified_gmt":"2009-03-15T06:35:39","slug":"fasolka-szparagowa-po-prowansalsku","status":"publish","type":"post","link":"https:\/\/blog.polityka.pl\/adamczewski\/2009\/03\/15\/fasolka-szparagowa-po-prowansalsku\/","title":{"rendered":"Fasolka szparagowa po prowansalsku"},"content":{"rendered":"<p><em>2 \u0142y\u017cki mas\u0142a, 2 cebule, 3 z\u0105bki czosnku, 2 \u0142y\u017cki siekanej zielonej pietruszki, 2 mi\u0119siste pomidory, 40 dag \u017c\u00f3\u0142tej fasoli szparagowej (\u015bwie\u017cej lub mro\u017conej), p\u00f3\u0142 szklanki soku pomidorowego, kostka roso\u0142owa, 3 jaja na twardo.\u00a0<\/em><\/p>\n<p>1. Cebule pokroi\u0107 w pi\u00f3rka, podsma\u017cy na ma\u015ble, doda\u0107 posiekany lub przeci\u015bni\u0119ty przez prask\u0119 czosnek oraz pokrojone w kostk\u0119 pomidory.<br \/>\n2. Do podsma\u017conej cebuli doda\u0107 siekan\u0105 pietruszk\u0119, oczyszczon\u0105 i pokrojon\u0105 na drobniejsze kawa\u0142ki fasolk\u0119, wymiesza\u0107, wla\u0107 sok pomidorowy, doda\u0107 kostk\u0119 roso\u0142ow\u0105. Dusi\u0107 na \u015brednim ogniu 10-15 minut, doprawi\u0107 sol\u0105 i pieprzem.<br \/>\nGotow\u0105 potraw\u0119 posypa\u0107 posiekanymi jajami na twardo.<\/p>\n","protected":false},"excerpt":{"rendered":"<p>2 \u0142y\u017cki mas\u0142a, 2 cebule, 3 z\u0105bki czosnku, 2 \u0142y\u017cki siekanej zielonej pietruszki, 2 mi\u0119siste pomidory, 40 dag \u017c\u00f3\u0142tej fasoli szparagowej (\u015bwie\u017cej lub mro\u017conej), p\u00f3\u0142 szklanki soku pomidorowego, kostka roso\u0142owa, 3 jaja na twardo.\u00a0 1. Cebule pokroi\u0107 w pi\u00f3rka, podsma\u017cy na ma\u015ble, doda\u0107 posiekany lub przeci\u015bni\u0119ty przez prask\u0119 czosnek oraz pokrojone w kostk\u0119 pomidory. 2. [&hellip;]<\/p>\n","protected":false},"author":2,"featured_media":0,"comment_status":"open","ping_status":"open","sticky":false,"template":"","format":"standard","meta":{"footnotes":""},"categories":[1],"tags":[],"_links":{"self":[{"href":"https:\/\/blog.polityka.pl\/adamczewski\/wp-json\/wp\/v2\/posts\/10181"}],"collection":[{"href":"https:\/\/blog.polityka.pl\/adamczewski\/wp-json\/wp\/v2\/posts"}],"about":[{"href":"https:\/\/blog.polityka.pl\/adamczewski\/wp-json\/wp\/v2\/types\/post"}],"author":[{"embeddable":true,"href":"https:\/\/blog.polityka.pl\/adamczewski\/wp-json\/wp\/v2\/users\/2"}],"replies":[{"embeddable":true,"href":"https:\/\/blog.polityka.pl\/adamczewski\/wp-json\/wp\/v2\/comments?post=10181"}],"version-history":[{"count":0,"href":"https:\/\/blog.polityka.pl\/adamczewski\/wp-json\/wp\/v2\/posts\/10181\/revisions"}],"wp:attachment":[{"href":"https:\/\/blog.polityka.pl\/adamczewski\/wp-json\/wp\/v2\/media?parent=10181"}],"wp:term":[{"taxonomy":"category","embeddable":true,"href":"https:\/\/blog.polityka.pl\/adamczewski\/wp-json\/wp\/v2\/categories?post=10181"},{"taxonomy":"post_tag","embeddable":true,"href":"https:\/\/blog.polityka.pl\/adamczewski\/wp-json\/wp\/v2\/tags?post=10181"}],"curies":[{"name":"wp","href":"https:\/\/api.w.org\/{rel}","templated":true}]}}