
{"id":10182,"date":"2009-03-15T07:36:26","date_gmt":"2009-03-15T06:36:26","guid":{"rendered":"http:\/\/adamczewscy.pl\/?p=2386"},"modified":"2009-03-15T07:36:26","modified_gmt":"2009-03-15T06:36:26","slug":"gruszki-w-miodzie","status":"publish","type":"post","link":"https:\/\/blog.polityka.pl\/adamczewski\/2009\/03\/15\/gruszki-w-miodzie\/","title":{"rendered":"Gruszki w miodzie"},"content":{"rendered":"<p><em>4 twarde gruszki, 4 \u0142y\u017cki miodu, sok z po\u0142owy cytryny, 2 \u0142y\u017cki mas\u0142a, 5 \u0142y\u017cek cukru, szczypta mielonego cynamonu.\u00a0<\/em><\/p>\n<p>1. Zagotowa\u0107 wod\u0119 z 2 \u0142y\u017ckami miodu i sokiem cytrynowym.<br \/>\n2. Obra\u0107 gruszki, przekroi\u0107 na po\u0142\u00f3wki, usun\u0105\u0107 gniazda nasienne, wrzuci\u0107 do wrz\u0105cego syropu i gotowa\u0107 oko\u0142o 5 minut. Wyj\u0105\u0107, od\u0142o\u017cy\u0107 w durszlaku do ods\u0105czenia. Ods\u0105czone u\u0142o\u017cy\u0107 na p\u00f3\u0142misku.<br \/>\n3. W ma\u0142ym garnuszku stopi\u0107 mas\u0142o, doda\u0107 cukier i podgrzewa\u0107, a\u017c si\u0119 roztopi. Doda\u0107 pozosta\u0142y mi\u00f3d, cynamon i jeszcze chwil\u0119 gotowa\u0107.<br \/>\n4. Miodowo-ma\u015blanym sosem pola\u0107 gruszki.<br \/>\nDeser ten podaje si\u0119 zar\u00f3wno na ciep\u0142o jak i na zimno.<\/p>\n","protected":false},"excerpt":{"rendered":"<p>4 twarde gruszki, 4 \u0142y\u017cki miodu, sok z po\u0142owy cytryny, 2 \u0142y\u017cki mas\u0142a, 5 \u0142y\u017cek cukru, szczypta mielonego cynamonu.\u00a0 1. Zagotowa\u0107 wod\u0119 z 2 \u0142y\u017ckami miodu i sokiem cytrynowym. 2. Obra\u0107 gruszki, przekroi\u0107 na po\u0142\u00f3wki, usun\u0105\u0107 gniazda nasienne, wrzuci\u0107 do wrz\u0105cego syropu i gotowa\u0107 oko\u0142o 5 minut. Wyj\u0105\u0107, od\u0142o\u017cy\u0107 w durszlaku do ods\u0105czenia. Ods\u0105czone u\u0142o\u017cy\u0107 [&hellip;]<\/p>\n","protected":false},"author":2,"featured_media":0,"comment_status":"open","ping_status":"open","sticky":false,"template":"","format":"standard","meta":{"footnotes":""},"categories":[1],"tags":[],"_links":{"self":[{"href":"https:\/\/blog.polityka.pl\/adamczewski\/wp-json\/wp\/v2\/posts\/10182"}],"collection":[{"href":"https:\/\/blog.polityka.pl\/adamczewski\/wp-json\/wp\/v2\/posts"}],"about":[{"href":"https:\/\/blog.polityka.pl\/adamczewski\/wp-json\/wp\/v2\/types\/post"}],"author":[{"embeddable":true,"href":"https:\/\/blog.polityka.pl\/adamczewski\/wp-json\/wp\/v2\/users\/2"}],"replies":[{"embeddable":true,"href":"https:\/\/blog.polityka.pl\/adamczewski\/wp-json\/wp\/v2\/comments?post=10182"}],"version-history":[{"count":0,"href":"https:\/\/blog.polityka.pl\/adamczewski\/wp-json\/wp\/v2\/posts\/10182\/revisions"}],"wp:attachment":[{"href":"https:\/\/blog.polityka.pl\/adamczewski\/wp-json\/wp\/v2\/media?parent=10182"}],"wp:term":[{"taxonomy":"category","embeddable":true,"href":"https:\/\/blog.polityka.pl\/adamczewski\/wp-json\/wp\/v2\/categories?post=10182"},{"taxonomy":"post_tag","embeddable":true,"href":"https:\/\/blog.polityka.pl\/adamczewski\/wp-json\/wp\/v2\/tags?post=10182"}],"curies":[{"name":"wp","href":"https:\/\/api.w.org\/{rel}","templated":true}]}}