
{"id":10183,"date":"2009-03-22T23:26:44","date_gmt":"2009-03-22T22:26:44","guid":{"rendered":"http:\/\/adamczewscy.pl\/?p=2389"},"modified":"2009-03-22T23:26:44","modified_gmt":"2009-03-22T22:26:44","slug":"krupnik-ryzowy-z-miesem-i-warzywami","status":"publish","type":"post","link":"https:\/\/blog.polityka.pl\/adamczewski\/2009\/03\/22\/krupnik-ryzowy-z-miesem-i-warzywami\/","title":{"rendered":"Krupnik ry\u017cowy z mi\u0119sem i warzywami"},"content":{"rendered":"<p><em>30 dag \u017ceberek ciel\u0119cych, 2 marchwie, pietruszka, niedu\u017cy por, kawa\u0142ek selera, 4 \u0142y\u017cki ry\u017cu, 2 \u0142y\u017cki posiekanej zielonej pietruszki, 4 \u0142y\u017cki \u015bmietany12-proc. lub mleka, s\u00f3l. <\/em><\/p>\n<p>1. Mi\u0119so pokroi\u0107 na kawa\u0142ki pomi\u0119dzy \u017ceberkami,  zala\u0107 2 szklankami zimnej wody, gotowa\u0107 oko\u0142o p\u00f3\u0142 godziny.<br \/>\n2. Marchew, pietruszk\u0119 i seler obra\u0107, pokroi\u0107 w paski, pora posieka\u0107, warzywa doda\u0107 wraz z ry\u017cem do mi\u0119sa, dola\u0107 4 szklanki wody, troch\u0119 soli i gotowa\u0107 do momentu, kiedy ry\u017c i warzywa zmi\u0119kn\u0105.<br \/>\n3. Wyj\u0105\u0107 mi\u0119so, usun\u0105\u0107 ko\u015bci i w\u0142o\u017cy\u0107 mi\u0119so z powrotem do zupy.<br \/>\n4. Doprawi\u0107 zup\u0119,  o ile trzeba, sol\u0105, wla\u0107 \u015bmietan\u0119 lub mleko, posypa\u0107 po wierzchu zielon\u0105 pietruszk\u0105. <\/p>\n","protected":false},"excerpt":{"rendered":"<p>30 dag \u017ceberek ciel\u0119cych, 2 marchwie, pietruszka, niedu\u017cy por, kawa\u0142ek selera, 4 \u0142y\u017cki ry\u017cu, 2 \u0142y\u017cki posiekanej zielonej pietruszki, 4 \u0142y\u017cki \u015bmietany12-proc. lub mleka, s\u00f3l. 1. Mi\u0119so pokroi\u0107 na kawa\u0142ki pomi\u0119dzy \u017ceberkami, zala\u0107 2 szklankami zimnej wody, gotowa\u0107 oko\u0142o p\u00f3\u0142 godziny. 2. Marchew, pietruszk\u0119 i seler obra\u0107, pokroi\u0107 w paski, pora posieka\u0107, warzywa doda\u0107 wraz [&hellip;]<\/p>\n","protected":false},"author":2,"featured_media":0,"comment_status":"open","ping_status":"open","sticky":false,"template":"","format":"standard","meta":{"footnotes":""},"categories":[1],"tags":[],"_links":{"self":[{"href":"https:\/\/blog.polityka.pl\/adamczewski\/wp-json\/wp\/v2\/posts\/10183"}],"collection":[{"href":"https:\/\/blog.polityka.pl\/adamczewski\/wp-json\/wp\/v2\/posts"}],"about":[{"href":"https:\/\/blog.polityka.pl\/adamczewski\/wp-json\/wp\/v2\/types\/post"}],"author":[{"embeddable":true,"href":"https:\/\/blog.polityka.pl\/adamczewski\/wp-json\/wp\/v2\/users\/2"}],"replies":[{"embeddable":true,"href":"https:\/\/blog.polityka.pl\/adamczewski\/wp-json\/wp\/v2\/comments?post=10183"}],"version-history":[{"count":0,"href":"https:\/\/blog.polityka.pl\/adamczewski\/wp-json\/wp\/v2\/posts\/10183\/revisions"}],"wp:attachment":[{"href":"https:\/\/blog.polityka.pl\/adamczewski\/wp-json\/wp\/v2\/media?parent=10183"}],"wp:term":[{"taxonomy":"category","embeddable":true,"href":"https:\/\/blog.polityka.pl\/adamczewski\/wp-json\/wp\/v2\/categories?post=10183"},{"taxonomy":"post_tag","embeddable":true,"href":"https:\/\/blog.polityka.pl\/adamczewski\/wp-json\/wp\/v2\/tags?post=10183"}],"curies":[{"name":"wp","href":"https:\/\/api.w.org\/{rel}","templated":true}]}}