
{"id":10184,"date":"2009-03-22T23:28:05","date_gmt":"2009-03-22T22:28:05","guid":{"rendered":"http:\/\/adamczewscy.pl\/?p=2390"},"modified":"2009-03-22T23:28:05","modified_gmt":"2009-03-22T22:28:05","slug":"czarna-rzodkiew-z-brzoskwiniami","status":"publish","type":"post","link":"https:\/\/blog.polityka.pl\/adamczewski\/2009\/03\/22\/czarna-rzodkiew-z-brzoskwiniami\/","title":{"rendered":"Czarna rzodkiew z brzoskwiniami"},"content":{"rendered":"<p><em>1 du\u017ca czarna rzodkiew, 6 po\u0142\u00f3wek brzoskwi\u0144 z puszki, \u0142y\u017cka drobnych rodzynek, \u0142y\u017cka siekanej zielonej pietruszki.<br \/>\nNa sos: p\u00f3\u0142 szklanki \u015bmietany (18-proc.) , 2 \u0142y\u017cki soku z cytryny, spora szczypta mielonego imbiru, s\u00f3l, ew. pieprz.\u00a0<\/em><\/p>\n<p>1. Wymiesza\u0107 sk\u0142adniki sosu, doprawi\u0107 sol\u0105 i pieprzem.<br \/>\n2. Czarn\u0105 rzodkiew obra\u0107, op\u0142uka\u0107, zetrze\u0107 na jarzynowej tarce. Brzoskwinie pokroi\u0107 w drobn\u0105 kostk\u0119.<br \/>\n3. Rodzynki przela\u0107 gor\u0105c\u0105 wod\u0105, osuszy\u0107.<br \/>\n4. Wymiesza\u0107 brzoskwinie, rzodkiew i rodzynki, doda\u0107 posiekan\u0105 zielon\u0105 pietruszk\u0119. Zala\u0107 przygotowanym sosem. Wymiesza\u0107 sa\u0142atk\u0119.<\/p>\n","protected":false},"excerpt":{"rendered":"<p>1 du\u017ca czarna rzodkiew, 6 po\u0142\u00f3wek brzoskwi\u0144 z puszki, \u0142y\u017cka drobnych rodzynek, \u0142y\u017cka siekanej zielonej pietruszki. Na sos: p\u00f3\u0142 szklanki \u015bmietany (18-proc.) , 2 \u0142y\u017cki soku z cytryny, spora szczypta mielonego imbiru, s\u00f3l, ew. pieprz.\u00a0 1. Wymiesza\u0107 sk\u0142adniki sosu, doprawi\u0107 sol\u0105 i pieprzem. 2. Czarn\u0105 rzodkiew obra\u0107, op\u0142uka\u0107, zetrze\u0107 na jarzynowej tarce. Brzoskwinie pokroi\u0107 w [&hellip;]<\/p>\n","protected":false},"author":2,"featured_media":0,"comment_status":"open","ping_status":"open","sticky":false,"template":"","format":"standard","meta":{"footnotes":""},"categories":[1],"tags":[],"_links":{"self":[{"href":"https:\/\/blog.polityka.pl\/adamczewski\/wp-json\/wp\/v2\/posts\/10184"}],"collection":[{"href":"https:\/\/blog.polityka.pl\/adamczewski\/wp-json\/wp\/v2\/posts"}],"about":[{"href":"https:\/\/blog.polityka.pl\/adamczewski\/wp-json\/wp\/v2\/types\/post"}],"author":[{"embeddable":true,"href":"https:\/\/blog.polityka.pl\/adamczewski\/wp-json\/wp\/v2\/users\/2"}],"replies":[{"embeddable":true,"href":"https:\/\/blog.polityka.pl\/adamczewski\/wp-json\/wp\/v2\/comments?post=10184"}],"version-history":[{"count":0,"href":"https:\/\/blog.polityka.pl\/adamczewski\/wp-json\/wp\/v2\/posts\/10184\/revisions"}],"wp:attachment":[{"href":"https:\/\/blog.polityka.pl\/adamczewski\/wp-json\/wp\/v2\/media?parent=10184"}],"wp:term":[{"taxonomy":"category","embeddable":true,"href":"https:\/\/blog.polityka.pl\/adamczewski\/wp-json\/wp\/v2\/categories?post=10184"},{"taxonomy":"post_tag","embeddable":true,"href":"https:\/\/blog.polityka.pl\/adamczewski\/wp-json\/wp\/v2\/tags?post=10184"}],"curies":[{"name":"wp","href":"https:\/\/api.w.org\/{rel}","templated":true}]}}