
{"id":10185,"date":"2009-03-22T23:28:58","date_gmt":"2009-03-22T22:28:58","guid":{"rendered":"http:\/\/adamczewscy.pl\/?p=2391"},"modified":"2009-03-22T23:28:58","modified_gmt":"2009-03-22T22:28:58","slug":"kotlety-pod-koldra","status":"publish","type":"post","link":"https:\/\/blog.polityka.pl\/adamczewski\/2009\/03\/22\/kotlety-pod-koldra\/","title":{"rendered":"Kotlety pod ko\u0142dr\u0105"},"content":{"rendered":"<p><em>4 pojedyncze filety z piersi kurcz\u0119cej, 4 plasterki szynki (gotowanej lub surowej), 4 plasterki ostrego \u017c\u00f3\u0142tego sera, 6 \u0142y\u017cek oliwy lub oleju, 4 \u0142y\u017cki tartej bu\u0142ki jajko, s\u00f3l, pieprz.\u00a0<\/em><\/p>\n<p>1. Filety rozbi\u0107 t\u0142uczkiem do mi\u0119sa formuj\u0105c owalne kotlety. Lekko posypa\u0107 sol\u0105 i pieprzem.<br \/>\n2. Na jednym talerzyku rozbi\u0107 jajko z \u0142y\u017ck\u0105 wody, na drugim wysypa\u0107 tart\u0105 bu\u0142k\u0119. Na patelni rozgrza\u0107 olej lub oliw\u0119.<br \/>\n3. Kotlety macza\u0107 w rozbitym jajku, nast\u0119pnie w tartej bu\u0142ce i sma\u017cy\u0107 na z\u0142ocisto. Po usma\u017ceniu jednej strony i po przewr\u00f3ceniu kotlet\u00f3w na drug\u0105 po\u0142o\u017cy\u0107 na ka\u017cdym kotlecie plasterek szynki a na nim ser.<br \/>\nDosma\u017ca\u0107 kotlety pod pokryw\u0105,  aby ser si\u0119 stopi\u0142.<\/p>\n","protected":false},"excerpt":{"rendered":"<p>4 pojedyncze filety z piersi kurcz\u0119cej, 4 plasterki szynki (gotowanej lub surowej), 4 plasterki ostrego \u017c\u00f3\u0142tego sera, 6 \u0142y\u017cek oliwy lub oleju, 4 \u0142y\u017cki tartej bu\u0142ki jajko, s\u00f3l, pieprz.\u00a0 1. Filety rozbi\u0107 t\u0142uczkiem do mi\u0119sa formuj\u0105c owalne kotlety. Lekko posypa\u0107 sol\u0105 i pieprzem. 2. Na jednym talerzyku rozbi\u0107 jajko z \u0142y\u017ck\u0105 wody, na drugim wysypa\u0107 [&hellip;]<\/p>\n","protected":false},"author":2,"featured_media":0,"comment_status":"open","ping_status":"open","sticky":false,"template":"","format":"standard","meta":{"footnotes":""},"categories":[1],"tags":[],"_links":{"self":[{"href":"https:\/\/blog.polityka.pl\/adamczewski\/wp-json\/wp\/v2\/posts\/10185"}],"collection":[{"href":"https:\/\/blog.polityka.pl\/adamczewski\/wp-json\/wp\/v2\/posts"}],"about":[{"href":"https:\/\/blog.polityka.pl\/adamczewski\/wp-json\/wp\/v2\/types\/post"}],"author":[{"embeddable":true,"href":"https:\/\/blog.polityka.pl\/adamczewski\/wp-json\/wp\/v2\/users\/2"}],"replies":[{"embeddable":true,"href":"https:\/\/blog.polityka.pl\/adamczewski\/wp-json\/wp\/v2\/comments?post=10185"}],"version-history":[{"count":0,"href":"https:\/\/blog.polityka.pl\/adamczewski\/wp-json\/wp\/v2\/posts\/10185\/revisions"}],"wp:attachment":[{"href":"https:\/\/blog.polityka.pl\/adamczewski\/wp-json\/wp\/v2\/media?parent=10185"}],"wp:term":[{"taxonomy":"category","embeddable":true,"href":"https:\/\/blog.polityka.pl\/adamczewski\/wp-json\/wp\/v2\/categories?post=10185"},{"taxonomy":"post_tag","embeddable":true,"href":"https:\/\/blog.polityka.pl\/adamczewski\/wp-json\/wp\/v2\/tags?post=10185"}],"curies":[{"name":"wp","href":"https:\/\/api.w.org\/{rel}","templated":true}]}}