
{"id":10186,"date":"2009-03-22T23:30:08","date_gmt":"2009-03-22T22:30:08","guid":{"rendered":"http:\/\/adamczewscy.pl\/?p=2392"},"modified":"2009-03-22T23:30:08","modified_gmt":"2009-03-22T22:30:08","slug":"dorsz-zapiekany-ii","status":"publish","type":"post","link":"https:\/\/blog.polityka.pl\/adamczewski\/2009\/03\/22\/dorsz-zapiekany-ii\/","title":{"rendered":"Dorsz zapiekany II"},"content":{"rendered":"<p><em>60 &#8211; 80 dag kostek z dorsza, 6 &#8211; 8 ziemniak\u00f3w, 2 szklanki mleka, cebula, 2 \u0142y\u017cki mas\u0142a, \u0142y\u017cka posiekanej zielonej pietruszki, s\u00f3l, pieprz.\u00a0<\/em><\/p>\n<p>1. Kostki rybne posoli\u0107, u\u0142o\u017cy\u0107 w \u017caroodpornym naczyniu.<br \/>\n2. Ziemniaki obra\u0107, pokroi\u0107 w plastry grubo\u015bci ok. 1cm. Pouk\u0142ada\u0107 na rybie. Posoli\u0107.<br \/>\n3. Cebul\u0119 obra\u0107, pokroi\u0107 w cienkie pi\u00f3rka. Pouk\u0142ada\u0107 na ziemniakach. Posoli\u0107.<br \/>\n4. Zala\u0107 potraw\u0119 mlekiem i zapieka\u0107 w temperaturze 170 st C oko\u0142o godziny.<br \/>\nPosypa\u0107 siekan\u0105 zielon\u0105 pietruszk\u0105 i podawa\u0107.<\/p>\n","protected":false},"excerpt":{"rendered":"<p>60 &#8211; 80 dag kostek z dorsza, 6 &#8211; 8 ziemniak\u00f3w, 2 szklanki mleka, cebula, 2 \u0142y\u017cki mas\u0142a, \u0142y\u017cka posiekanej zielonej pietruszki, s\u00f3l, pieprz.\u00a0 1. Kostki rybne posoli\u0107, u\u0142o\u017cy\u0107 w \u017caroodpornym naczyniu. 2. Ziemniaki obra\u0107, pokroi\u0107 w plastry grubo\u015bci ok. 1cm. Pouk\u0142ada\u0107 na rybie. Posoli\u0107. 3. Cebul\u0119 obra\u0107, pokroi\u0107 w cienkie pi\u00f3rka. Pouk\u0142ada\u0107 na ziemniakach. [&hellip;]<\/p>\n","protected":false},"author":2,"featured_media":0,"comment_status":"open","ping_status":"open","sticky":false,"template":"","format":"standard","meta":{"footnotes":""},"categories":[1],"tags":[],"_links":{"self":[{"href":"https:\/\/blog.polityka.pl\/adamczewski\/wp-json\/wp\/v2\/posts\/10186"}],"collection":[{"href":"https:\/\/blog.polityka.pl\/adamczewski\/wp-json\/wp\/v2\/posts"}],"about":[{"href":"https:\/\/blog.polityka.pl\/adamczewski\/wp-json\/wp\/v2\/types\/post"}],"author":[{"embeddable":true,"href":"https:\/\/blog.polityka.pl\/adamczewski\/wp-json\/wp\/v2\/users\/2"}],"replies":[{"embeddable":true,"href":"https:\/\/blog.polityka.pl\/adamczewski\/wp-json\/wp\/v2\/comments?post=10186"}],"version-history":[{"count":0,"href":"https:\/\/blog.polityka.pl\/adamczewski\/wp-json\/wp\/v2\/posts\/10186\/revisions"}],"wp:attachment":[{"href":"https:\/\/blog.polityka.pl\/adamczewski\/wp-json\/wp\/v2\/media?parent=10186"}],"wp:term":[{"taxonomy":"category","embeddable":true,"href":"https:\/\/blog.polityka.pl\/adamczewski\/wp-json\/wp\/v2\/categories?post=10186"},{"taxonomy":"post_tag","embeddable":true,"href":"https:\/\/blog.polityka.pl\/adamczewski\/wp-json\/wp\/v2\/tags?post=10186"}],"curies":[{"name":"wp","href":"https:\/\/api.w.org\/{rel}","templated":true}]}}