
{"id":10187,"date":"2009-03-22T23:31:05","date_gmt":"2009-03-22T22:31:05","guid":{"rendered":"http:\/\/adamczewscy.pl\/?p=2393"},"modified":"2009-03-22T23:31:05","modified_gmt":"2009-03-22T22:31:05","slug":"jablka-w-kremie","status":"publish","type":"post","link":"https:\/\/blog.polityka.pl\/adamczewski\/2009\/03\/22\/jablka-w-kremie\/","title":{"rendered":"Jab\u0142ka w kremie"},"content":{"rendered":"<p><em>4 winne twarde jab\u0142ka, 4 \u0142y\u017cki dobrych wi\u015bniowych konfitur, 4 jaja, 6 \u0142y\u017cek cukru, 2 kopiaste \u0142y\u017cki tartej bu\u0142ki, \u0142y\u017ceczka pokrojonej drobno sk\u00f3rki pomara\u0144czowej w cukrze.\u00a0<\/em><\/p>\n<p>1. Jab\u0142ka obra\u0107 ze sk\u00f3rki, wyci\u0105\u0107 gniazda nasienne, wrzuci\u0107 na 3 minuty do wrz\u0105cej wody, wyj\u0105\u0107, os\u0105czy\u0107. Do ka\u017cdego jab\u0142ka na\u0142o\u017cy\u0107 \u0142y\u017ck\u0119 konfitury, o wierzchu za\u015b posypa\u0107 lekko cukrem. U\u0142o\u017cy\u0107 jab\u0142ka w \u017caroodpornych miseczkach.<br \/>\n2. Utrze\u0107 \u017c\u00f3\u0142tka z 4 \u0142y\u017ckami cukru, doda\u0107 tart\u0105 bu\u0142k\u0119 i pokojon\u0105 drobno sk\u00f3rk\u0119 pomara\u0144czow\u0105.<br \/>\n3. Ubi\u0107 pian\u0119 z bia\u0142ek, pod koniec doda\u0107 pozosta\u0142\u0105 \u0142y\u017ck\u0119 cukru.<br \/>\n4. Wymiesza\u0107 utarte \u017c\u00f3\u0142tka z ubit\u0105 pian\u0105, ponak\u0142ada\u0107 puszysty krem na ka\u017cde jab\u0142ko i zapiec z piekarniku w temperaturze 170 st C.<br \/>\nPodawa\u0107 deser na gor\u0105co.<\/p>\n","protected":false},"excerpt":{"rendered":"<p>4 winne twarde jab\u0142ka, 4 \u0142y\u017cki dobrych wi\u015bniowych konfitur, 4 jaja, 6 \u0142y\u017cek cukru, 2 kopiaste \u0142y\u017cki tartej bu\u0142ki, \u0142y\u017ceczka pokrojonej drobno sk\u00f3rki pomara\u0144czowej w cukrze.\u00a0 1. Jab\u0142ka obra\u0107 ze sk\u00f3rki, wyci\u0105\u0107 gniazda nasienne, wrzuci\u0107 na 3 minuty do wrz\u0105cej wody, wyj\u0105\u0107, os\u0105czy\u0107. Do ka\u017cdego jab\u0142ka na\u0142o\u017cy\u0107 \u0142y\u017ck\u0119 konfitury, o wierzchu za\u015b posypa\u0107 lekko cukrem. [&hellip;]<\/p>\n","protected":false},"author":2,"featured_media":0,"comment_status":"open","ping_status":"open","sticky":false,"template":"","format":"standard","meta":{"footnotes":""},"categories":[1],"tags":[],"_links":{"self":[{"href":"https:\/\/blog.polityka.pl\/adamczewski\/wp-json\/wp\/v2\/posts\/10187"}],"collection":[{"href":"https:\/\/blog.polityka.pl\/adamczewski\/wp-json\/wp\/v2\/posts"}],"about":[{"href":"https:\/\/blog.polityka.pl\/adamczewski\/wp-json\/wp\/v2\/types\/post"}],"author":[{"embeddable":true,"href":"https:\/\/blog.polityka.pl\/adamczewski\/wp-json\/wp\/v2\/users\/2"}],"replies":[{"embeddable":true,"href":"https:\/\/blog.polityka.pl\/adamczewski\/wp-json\/wp\/v2\/comments?post=10187"}],"version-history":[{"count":0,"href":"https:\/\/blog.polityka.pl\/adamczewski\/wp-json\/wp\/v2\/posts\/10187\/revisions"}],"wp:attachment":[{"href":"https:\/\/blog.polityka.pl\/adamczewski\/wp-json\/wp\/v2\/media?parent=10187"}],"wp:term":[{"taxonomy":"category","embeddable":true,"href":"https:\/\/blog.polityka.pl\/adamczewski\/wp-json\/wp\/v2\/categories?post=10187"},{"taxonomy":"post_tag","embeddable":true,"href":"https:\/\/blog.polityka.pl\/adamczewski\/wp-json\/wp\/v2\/tags?post=10187"}],"curies":[{"name":"wp","href":"https:\/\/api.w.org\/{rel}","templated":true}]}}