
{"id":10188,"date":"2009-03-22T23:32:07","date_gmt":"2009-03-22T22:32:07","guid":{"rendered":"http:\/\/adamczewscy.pl\/?p=2394"},"modified":"2009-03-22T23:32:07","modified_gmt":"2009-03-22T22:32:07","slug":"jajeczna-zapiekanka","status":"publish","type":"post","link":"https:\/\/blog.polityka.pl\/adamczewski\/2009\/03\/22\/jajeczna-zapiekanka\/","title":{"rendered":"Jajeczna zapiekanka"},"content":{"rendered":"<p><em>8 jaj, 2 woreczki ry\u017cu do gotowania, 50 dag pieczarek, \u0142y\u017cka mas\u0142a, cebula, pojemnik \u015bmietany 12-proc. \u0142y\u017cka m\u0105ki, szklanka utartego \u017c\u00f3\u0142tego sera, pieprz, s\u00f3l.<br \/>\nDo wysmarowania naczynia \u017caroodpornego: \u0142y\u017cka mas\u0142a.\u00a0<\/em><\/p>\n<p>1. Ry\u017c ugotowa\u0107 w woreczkach, po czym wysypa\u0107 go do miseczki i wymiesza\u0107 widelcem.<br \/>\n2. Jaja ugotowa\u0107  na twardo, czyli 10 minut, lub nie do ko\u0144ca na twardo, czyli 8 minut, ostudzi\u0107, obra\u0107.<br \/>\n3. Umyte pieczarki pokroi\u0107 w cienkie plasterki, usma\u017cy\u0107 z posiekan\u0105 cebul\u0105 na ma\u015ble, kiedy zmi\u0119kn\u0105, posypa\u0107 m\u0105k\u0105, doda\u0107 s\u00f3l i pieprz. Na koniec doda\u0107 \u015bmietan\u0119 i chwil\u0119  podgrzewa\u0107.<br \/>\n4. Posmarowa\u0107 mas\u0142em naczynie \u017caroodporne, u\u0142o\u017cy\u0107  warstw\u0119 ry\u017cu, na nim jaja, po wierzchu pola\u0107 pieczarkowo-\u015bmietanowym sosem, posypa\u0107 startym serem i zapieka\u0107 w temperaturze 180 st C, a\u017c wierzch zacznie si\u0119 rumieni\u0107.<\/p>\n","protected":false},"excerpt":{"rendered":"<p>8 jaj, 2 woreczki ry\u017cu do gotowania, 50 dag pieczarek, \u0142y\u017cka mas\u0142a, cebula, pojemnik \u015bmietany 12-proc. \u0142y\u017cka m\u0105ki, szklanka utartego \u017c\u00f3\u0142tego sera, pieprz, s\u00f3l. Do wysmarowania naczynia \u017caroodpornego: \u0142y\u017cka mas\u0142a.\u00a0 1. Ry\u017c ugotowa\u0107 w woreczkach, po czym wysypa\u0107 go do miseczki i wymiesza\u0107 widelcem. 2. Jaja ugotowa\u0107 na twardo, czyli 10 minut, lub nie do [&hellip;]<\/p>\n","protected":false},"author":2,"featured_media":0,"comment_status":"open","ping_status":"open","sticky":false,"template":"","format":"standard","meta":{"footnotes":""},"categories":[1],"tags":[],"_links":{"self":[{"href":"https:\/\/blog.polityka.pl\/adamczewski\/wp-json\/wp\/v2\/posts\/10188"}],"collection":[{"href":"https:\/\/blog.polityka.pl\/adamczewski\/wp-json\/wp\/v2\/posts"}],"about":[{"href":"https:\/\/blog.polityka.pl\/adamczewski\/wp-json\/wp\/v2\/types\/post"}],"author":[{"embeddable":true,"href":"https:\/\/blog.polityka.pl\/adamczewski\/wp-json\/wp\/v2\/users\/2"}],"replies":[{"embeddable":true,"href":"https:\/\/blog.polityka.pl\/adamczewski\/wp-json\/wp\/v2\/comments?post=10188"}],"version-history":[{"count":0,"href":"https:\/\/blog.polityka.pl\/adamczewski\/wp-json\/wp\/v2\/posts\/10188\/revisions"}],"wp:attachment":[{"href":"https:\/\/blog.polityka.pl\/adamczewski\/wp-json\/wp\/v2\/media?parent=10188"}],"wp:term":[{"taxonomy":"category","embeddable":true,"href":"https:\/\/blog.polityka.pl\/adamczewski\/wp-json\/wp\/v2\/categories?post=10188"},{"taxonomy":"post_tag","embeddable":true,"href":"https:\/\/blog.polityka.pl\/adamczewski\/wp-json\/wp\/v2\/tags?post=10188"}],"curies":[{"name":"wp","href":"https:\/\/api.w.org\/{rel}","templated":true}]}}