
{"id":10189,"date":"2009-03-30T06:12:46","date_gmt":"2009-03-30T05:12:46","guid":{"rendered":"http:\/\/adamczewscy.pl\/?p=2396"},"modified":"2009-03-30T06:12:46","modified_gmt":"2009-03-30T05:12:46","slug":"surowka-lizbonska","status":"publish","type":"post","link":"https:\/\/blog.polityka.pl\/adamczewski\/2009\/03\/30\/surowka-lizbonska\/","title":{"rendered":"Sur\u00f3wka lizbo\u0144ska"},"content":{"rendered":"<p><em>3 \u015brednie czerwone cebule, du\u017cy z\u0105bek czosnku, 2 pomidory, ma\u0142a cukinia, 2 winne jab\u0142ka, czerwona i zielona papryka, s\u00f3l, pieprz, sok z po\u0142owy cytryny i 4 \u0142y\u017cki oliwy z pestek winogron.\u00a0<\/em><\/p>\n<p>1. Natrze\u0107 przekrojonym czosnkiem salaterk\u0119 w kt\u00f3rej przygotujemy sa\u0142atk\u0119.<br \/>\n2. Obrane cebule pokroi\u0107 w cieniutkie pi\u00f3rka lub plasterki.<br \/>\n3. Pomidory obra\u0107 ze sk\u00f3rki i pokroi\u0107 na cienkie plasterki lub cz\u0105stki.<br \/>\n4. Jab\u0142ka przekroi cna po\u0142\u00f3wki, usun\u0105\u0107 gniazda nasienne i pokroi\u0107 na jak najcie\u0144sze plasterki.<br \/>\n5. Papryki oczy\u015bci\u0107 usuwaj\u0105c nasiona i pokroi\u0107 na cienkie paski.<br \/>\n6. Wszystkie sk\u0142adniki wrzuci\u0107 do wysmarowanej czosnkiem salaterki, wymiesza\u0107, doprawi\u0107 sokiem cytrynowym, pieprzem i sol\u0105. Po 30 minutach dojrzewania sur\u00f3wka jest doskona\u0142a.<\/p>\n","protected":false},"excerpt":{"rendered":"<p>3 \u015brednie czerwone cebule, du\u017cy z\u0105bek czosnku, 2 pomidory, ma\u0142a cukinia, 2 winne jab\u0142ka, czerwona i zielona papryka, s\u00f3l, pieprz, sok z po\u0142owy cytryny i 4 \u0142y\u017cki oliwy z pestek winogron.\u00a0 1. Natrze\u0107 przekrojonym czosnkiem salaterk\u0119 w kt\u00f3rej przygotujemy sa\u0142atk\u0119. 2. Obrane cebule pokroi\u0107 w cieniutkie pi\u00f3rka lub plasterki. 3. Pomidory obra\u0107 ze sk\u00f3rki i [&hellip;]<\/p>\n","protected":false},"author":2,"featured_media":0,"comment_status":"open","ping_status":"open","sticky":false,"template":"","format":"standard","meta":{"footnotes":""},"categories":[1],"tags":[],"_links":{"self":[{"href":"https:\/\/blog.polityka.pl\/adamczewski\/wp-json\/wp\/v2\/posts\/10189"}],"collection":[{"href":"https:\/\/blog.polityka.pl\/adamczewski\/wp-json\/wp\/v2\/posts"}],"about":[{"href":"https:\/\/blog.polityka.pl\/adamczewski\/wp-json\/wp\/v2\/types\/post"}],"author":[{"embeddable":true,"href":"https:\/\/blog.polityka.pl\/adamczewski\/wp-json\/wp\/v2\/users\/2"}],"replies":[{"embeddable":true,"href":"https:\/\/blog.polityka.pl\/adamczewski\/wp-json\/wp\/v2\/comments?post=10189"}],"version-history":[{"count":0,"href":"https:\/\/blog.polityka.pl\/adamczewski\/wp-json\/wp\/v2\/posts\/10189\/revisions"}],"wp:attachment":[{"href":"https:\/\/blog.polityka.pl\/adamczewski\/wp-json\/wp\/v2\/media?parent=10189"}],"wp:term":[{"taxonomy":"category","embeddable":true,"href":"https:\/\/blog.polityka.pl\/adamczewski\/wp-json\/wp\/v2\/categories?post=10189"},{"taxonomy":"post_tag","embeddable":true,"href":"https:\/\/blog.polityka.pl\/adamczewski\/wp-json\/wp\/v2\/tags?post=10189"}],"curies":[{"name":"wp","href":"https:\/\/api.w.org\/{rel}","templated":true}]}}