
{"id":10190,"date":"2009-03-30T06:14:48","date_gmt":"2009-03-30T05:14:48","guid":{"rendered":"http:\/\/adamczewscy.pl\/?p=2397"},"modified":"2009-03-30T06:14:48","modified_gmt":"2009-03-30T05:14:48","slug":"salatka-kalafiorowa-z-selerem","status":"publish","type":"post","link":"https:\/\/blog.polityka.pl\/adamczewski\/2009\/03\/30\/salatka-kalafiorowa-z-selerem\/","title":{"rendered":"Sa\u0142atka kalafiorowa z selerem"},"content":{"rendered":"<p><em>P\u00f3\u0142 du\u017cego lub ma\u0142y kalafior, niewielki seler, p\u00f3\u0142 szklanki pokrojonego w najdrobniejsz\u0105 kostk\u0119 \u017c\u00f3\u0142tego sera, 2 cebule dymki, 4 \u0142y\u017cki jogurtu naturalnego, 2 \u0142y\u017cki octu winnego, szczypta \u0142agodnej przyprawy curry, spora szczypta s\u0142odkiej mielonej papryki, s\u00f3l, pieprz.\u00a0<\/em><\/p>\n<p>1. Kalafior podzieli\u0107 na ma\u0142e r\u00f3\u017cyczki, seler obra\u0107 i pokroi\u0107 w kostk\u0119 jak na jarzynow\u0105 sa\u0142atk\u0119. Obgotowa\u0107 15 minut w lekko osolonej wodzie. Odcedzi\u0107, och\u0142odzi\u0107.<br \/>\n2. Cebule dymki posieka\u0107 razem ze szczypiorem.<br \/>\n3. Przygotowa\u0107 sos z jogurtu i octu winnego, doda\u0107 cebul\u0119, curry, papryk\u0119,  pieprz i s\u00f3l.<br \/>\n4. Wymiesza\u0107 wszystkie sk\u0142adniki sa\u0142atki z sosem.<\/p>\n","protected":false},"excerpt":{"rendered":"<p>P\u00f3\u0142 du\u017cego lub ma\u0142y kalafior, niewielki seler, p\u00f3\u0142 szklanki pokrojonego w najdrobniejsz\u0105 kostk\u0119 \u017c\u00f3\u0142tego sera, 2 cebule dymki, 4 \u0142y\u017cki jogurtu naturalnego, 2 \u0142y\u017cki octu winnego, szczypta \u0142agodnej przyprawy curry, spora szczypta s\u0142odkiej mielonej papryki, s\u00f3l, pieprz.\u00a0 1. Kalafior podzieli\u0107 na ma\u0142e r\u00f3\u017cyczki, seler obra\u0107 i pokroi\u0107 w kostk\u0119 jak na jarzynow\u0105 sa\u0142atk\u0119. Obgotowa\u0107 15 [&hellip;]<\/p>\n","protected":false},"author":2,"featured_media":0,"comment_status":"open","ping_status":"open","sticky":false,"template":"","format":"standard","meta":{"footnotes":""},"categories":[1],"tags":[],"_links":{"self":[{"href":"https:\/\/blog.polityka.pl\/adamczewski\/wp-json\/wp\/v2\/posts\/10190"}],"collection":[{"href":"https:\/\/blog.polityka.pl\/adamczewski\/wp-json\/wp\/v2\/posts"}],"about":[{"href":"https:\/\/blog.polityka.pl\/adamczewski\/wp-json\/wp\/v2\/types\/post"}],"author":[{"embeddable":true,"href":"https:\/\/blog.polityka.pl\/adamczewski\/wp-json\/wp\/v2\/users\/2"}],"replies":[{"embeddable":true,"href":"https:\/\/blog.polityka.pl\/adamczewski\/wp-json\/wp\/v2\/comments?post=10190"}],"version-history":[{"count":0,"href":"https:\/\/blog.polityka.pl\/adamczewski\/wp-json\/wp\/v2\/posts\/10190\/revisions"}],"wp:attachment":[{"href":"https:\/\/blog.polityka.pl\/adamczewski\/wp-json\/wp\/v2\/media?parent=10190"}],"wp:term":[{"taxonomy":"category","embeddable":true,"href":"https:\/\/blog.polityka.pl\/adamczewski\/wp-json\/wp\/v2\/categories?post=10190"},{"taxonomy":"post_tag","embeddable":true,"href":"https:\/\/blog.polityka.pl\/adamczewski\/wp-json\/wp\/v2\/tags?post=10190"}],"curies":[{"name":"wp","href":"https:\/\/api.w.org\/{rel}","templated":true}]}}