
{"id":10195,"date":"2009-04-05T10:00:05","date_gmt":"2009-04-05T09:00:05","guid":{"rendered":"http:\/\/adamczewscy.pl\/?p=2403"},"modified":"2009-04-05T10:00:05","modified_gmt":"2009-04-05T09:00:05","slug":"jaja-marynowane-w-bialym-winie","status":"publish","type":"post","link":"https:\/\/blog.polityka.pl\/adamczewski\/2009\/04\/05\/jaja-marynowane-w-bialym-winie\/","title":{"rendered":"Jaja marynowane w bia\u0142ym winie"},"content":{"rendered":"<p><em>12 jaj, 2 szklanki bia\u0142ego wytrawnego wina, szklanka octu winnego z bia\u0142ego wina, 2 du\u017ce czerwone cebule, 2 z\u0105bki czosnku, 2 ostre czerwone papryki (chili lub peperoncino), 2 ziarna ja\u0142owca (ewentualnie), s\u00f3l, p\u0142aska \u0142y\u017ceczka nasion gorczycy.\u00a0<\/em><br \/>\n1. Jaja umy\u0107, ugotowa\u0107 na twardo, ostudzi\u0107 i obra\u0107 ze skorupki.<br \/>\n2. Cebul\u0119 pokroi\u0107 w cienkie talarki, papryczk\u0119 poprzekrawa\u0107 na kilka kawa\u0142k\u00f3w<br \/>\n3. W du\u017cym szklanym naczyniu lub s\u0142oju uk\u0142ada\u0107 warstw\u0119 jaj na twardo, na nich warstw\u0119 plasterk\u00f3w cebuli i odrobin\u0119 papryczki, zn\u00f3w jaja i zn\u00f3w cebul\u0119, a\u017c do wyczerpania sk\u0142adnik\u00f3w<br \/>\n4. Do garnka wla\u0107 wino oraz ocet winny, doda\u0107 gorczyc\u0119, ja\u0142owiec i poprzekrawane z\u0105bki czosnku. Zagotowa\u0107, doprawi\u0107 do smaku sol\u0105.<br \/>\n5. Gor\u0105c\u0105 zalew\u0119 wla\u0107 do s\u0142oja z jajkami, pozostawi\u0107 do ostudzenia, po czym naczynie lub s\u0142\u00f3j nakry\u0107 pokrywk\u0105 i wstawi\u0107 na 2 dni do lod\u00f3wki.<\/p>\n","protected":false},"excerpt":{"rendered":"<p>12 jaj, 2 szklanki bia\u0142ego wytrawnego wina, szklanka octu winnego z bia\u0142ego wina, 2 du\u017ce czerwone cebule, 2 z\u0105bki czosnku, 2 ostre czerwone papryki (chili lub peperoncino), 2 ziarna ja\u0142owca (ewentualnie), s\u00f3l, p\u0142aska \u0142y\u017ceczka nasion gorczycy.\u00a0 1. Jaja umy\u0107, ugotowa\u0107 na twardo, ostudzi\u0107 i obra\u0107 ze skorupki. 2. Cebul\u0119 pokroi\u0107 w cienkie talarki, papryczk\u0119 poprzekrawa\u0107 [&hellip;]<\/p>\n","protected":false},"author":2,"featured_media":0,"comment_status":"open","ping_status":"open","sticky":false,"template":"","format":"standard","meta":{"footnotes":""},"categories":[1],"tags":[],"_links":{"self":[{"href":"https:\/\/blog.polityka.pl\/adamczewski\/wp-json\/wp\/v2\/posts\/10195"}],"collection":[{"href":"https:\/\/blog.polityka.pl\/adamczewski\/wp-json\/wp\/v2\/posts"}],"about":[{"href":"https:\/\/blog.polityka.pl\/adamczewski\/wp-json\/wp\/v2\/types\/post"}],"author":[{"embeddable":true,"href":"https:\/\/blog.polityka.pl\/adamczewski\/wp-json\/wp\/v2\/users\/2"}],"replies":[{"embeddable":true,"href":"https:\/\/blog.polityka.pl\/adamczewski\/wp-json\/wp\/v2\/comments?post=10195"}],"version-history":[{"count":0,"href":"https:\/\/blog.polityka.pl\/adamczewski\/wp-json\/wp\/v2\/posts\/10195\/revisions"}],"wp:attachment":[{"href":"https:\/\/blog.polityka.pl\/adamczewski\/wp-json\/wp\/v2\/media?parent=10195"}],"wp:term":[{"taxonomy":"category","embeddable":true,"href":"https:\/\/blog.polityka.pl\/adamczewski\/wp-json\/wp\/v2\/categories?post=10195"},{"taxonomy":"post_tag","embeddable":true,"href":"https:\/\/blog.polityka.pl\/adamczewski\/wp-json\/wp\/v2\/tags?post=10195"}],"curies":[{"name":"wp","href":"https:\/\/api.w.org\/{rel}","templated":true}]}}