
{"id":10196,"date":"2009-04-05T10:00:55","date_gmt":"2009-04-05T09:00:55","guid":{"rendered":"http:\/\/adamczewscy.pl\/?p=2404"},"modified":"2009-04-05T10:00:55","modified_gmt":"2009-04-05T09:00:55","slug":"szynka-z-ananasem-w-galarecie","status":"publish","type":"post","link":"https:\/\/blog.polityka.pl\/adamczewski\/2009\/04\/05\/szynka-z-ananasem-w-galarecie\/","title":{"rendered":"Szynka z ananasem w galarecie"},"content":{"rendered":"<p><em>Szklanka pokrojonej w kostk\u0119 szynki, szklanka pokrojonego ananasa (mo\u017ce by\u0107 z puszki), 2 \u0142y\u017cki posiekanego szczypiorku, 2 \u0142y\u017cki ods\u0105czonych kapar\u00f3w, p\u00f3\u0142 s\u0142odkiej czerwonej papryki, 2 szklanki roso\u0142u z drobiu (mo\u017ce by\u0107 przygotowany z kostki) , 2 \u0142y\u017cki rumu lub koniaku, cytryna, 5 \u0142y\u017ceczek \u017celatyny  rozpuszczalnej w gor\u0105cym p\u0142ynie, s\u00f3l, pieprz.\u00a0<\/em><\/p>\n<p>1. Ros\u00f3\u0142 zagotowa\u0107, doda\u0107 \u017celatyn\u0119, miesza\u0107 do rozpuszczenia. Wla\u0107 kilka \u0142y\u017cek na dno naczynia, w kt\u00f3rym przygotujemy galaret\u0119, zastudzi\u0107 w lod\u00f3wce.<br \/>\n2. Na warstwie galarety roz\u0142o\u017cy\u0107 pokrojon\u0105 szynk\u0119, ananasa, papryk\u0119, kapary, papryk\u0119 i szczypiorek. Skropi\u0107 sokiem cytryny, po czym zala\u0107 pozosta\u0142\u0105 galaret\u0105. Och\u0142odzi\u0107 i wstawi\u0107 na kilka godzin do lod\u00f3wki. Podawa\u0107 galaret\u0119 pokrojon\u0105 na porcje.<\/p>\n<p>Galaret\u0119 nale\u017cy przygotowywa\u0107 w pod\u0142u\u017cnym naczyniu, najlepiej w szklanej formie dopieczenia lub prostok\u0105tnej salaterce. Podana z chrzanem galareta mo\u017ce by\u0107 dobr\u0105 alternatyw\u0105 dla \u015bwi\u0105tecznej szynki.<\/p>\n","protected":false},"excerpt":{"rendered":"<p>Szklanka pokrojonej w kostk\u0119 szynki, szklanka pokrojonego ananasa (mo\u017ce by\u0107 z puszki), 2 \u0142y\u017cki posiekanego szczypiorku, 2 \u0142y\u017cki ods\u0105czonych kapar\u00f3w, p\u00f3\u0142 s\u0142odkiej czerwonej papryki, 2 szklanki roso\u0142u z drobiu (mo\u017ce by\u0107 przygotowany z kostki) , 2 \u0142y\u017cki rumu lub koniaku, cytryna, 5 \u0142y\u017ceczek \u017celatyny rozpuszczalnej w gor\u0105cym p\u0142ynie, s\u00f3l, pieprz.\u00a0 1. Ros\u00f3\u0142 zagotowa\u0107, doda\u0107 \u017celatyn\u0119, [&hellip;]<\/p>\n","protected":false},"author":2,"featured_media":0,"comment_status":"open","ping_status":"open","sticky":false,"template":"","format":"standard","meta":{"footnotes":""},"categories":[1],"tags":[],"_links":{"self":[{"href":"https:\/\/blog.polityka.pl\/adamczewski\/wp-json\/wp\/v2\/posts\/10196"}],"collection":[{"href":"https:\/\/blog.polityka.pl\/adamczewski\/wp-json\/wp\/v2\/posts"}],"about":[{"href":"https:\/\/blog.polityka.pl\/adamczewski\/wp-json\/wp\/v2\/types\/post"}],"author":[{"embeddable":true,"href":"https:\/\/blog.polityka.pl\/adamczewski\/wp-json\/wp\/v2\/users\/2"}],"replies":[{"embeddable":true,"href":"https:\/\/blog.polityka.pl\/adamczewski\/wp-json\/wp\/v2\/comments?post=10196"}],"version-history":[{"count":0,"href":"https:\/\/blog.polityka.pl\/adamczewski\/wp-json\/wp\/v2\/posts\/10196\/revisions"}],"wp:attachment":[{"href":"https:\/\/blog.polityka.pl\/adamczewski\/wp-json\/wp\/v2\/media?parent=10196"}],"wp:term":[{"taxonomy":"category","embeddable":true,"href":"https:\/\/blog.polityka.pl\/adamczewski\/wp-json\/wp\/v2\/categories?post=10196"},{"taxonomy":"post_tag","embeddable":true,"href":"https:\/\/blog.polityka.pl\/adamczewski\/wp-json\/wp\/v2\/tags?post=10196"}],"curies":[{"name":"wp","href":"https:\/\/api.w.org\/{rel}","templated":true}]}}