
{"id":10200,"date":"2009-04-05T10:05:14","date_gmt":"2009-04-05T09:05:14","guid":{"rendered":"http:\/\/adamczewscy.pl\/?p=2408"},"modified":"2009-04-05T10:05:14","modified_gmt":"2009-04-05T09:05:14","slug":"salatka-ze-sledzi-i-czerwonej-cebuli","status":"publish","type":"post","link":"https:\/\/blog.polityka.pl\/adamczewski\/2009\/04\/05\/salatka-ze-sledzi-i-czerwonej-cebuli\/","title":{"rendered":"Sa\u0142atka ze \u015bledzi i czerwonej cebuli"},"content":{"rendered":"<p><em>8 p\u0142at\u00f3w \u015bledziowych (pojedynczych filet\u00f3w), 2 ma\u0142e czerwone cebule, 2 twarde s\u0142odkie jab\u0142ka, p\u00f3\u0142 szklanki \u015bmietany 30-proc., 3\/4 szklanki t\u0142ustego twaro\u017cku homogenizowanego, s\u00f3l, pieprz, szczypta cukru, \u0142y\u017cka posiekanego niezbyt drobno koperku.\u00a0<\/em><\/p>\n<p>1. Filety \u015bledziowe umy\u0107, lub je\u015bli s\u0105 zbyt s\u0142one wymoczy\u0107 w zimnej wodzie. Wytrze\u0107 papierowym kuchennym r\u0119cznikiem. Pokroi\u0107 w uko\u015bne kawa\u0142ki.<br \/>\n2. \u015amietan\u0119 mocno sch\u0142odzi\u0107 i ubi\u0107 r\u0119cznym mikserem.<br \/>\n3. Czerwone cebule pokroi\u0107 w kr\u0105\u017cki, jab\u0142ko obra\u0107 i po usuni\u0119ciu gniazd nasiennych pokroi\u0107 w plasterki.<br \/>\n4. Wymiesza\u0107 bit\u0105 \u015bmietan\u0119 z twaro\u017ckiem, pokrojon\u0105 cebul\u0105 i jab\u0142kiem, kawa\u0142kami \u015bledzia, doprawi\u0107 sol\u0105 i pieprzem oraz szczypt\u0105 cukru. Po wierzchu sa\u0142atk\u0119 posypa\u0107 siekanym koperkiem.<\/p>\n","protected":false},"excerpt":{"rendered":"<p>8 p\u0142at\u00f3w \u015bledziowych (pojedynczych filet\u00f3w), 2 ma\u0142e czerwone cebule, 2 twarde s\u0142odkie jab\u0142ka, p\u00f3\u0142 szklanki \u015bmietany 30-proc., 3\/4 szklanki t\u0142ustego twaro\u017cku homogenizowanego, s\u00f3l, pieprz, szczypta cukru, \u0142y\u017cka posiekanego niezbyt drobno koperku.\u00a0 1. Filety \u015bledziowe umy\u0107, lub je\u015bli s\u0105 zbyt s\u0142one wymoczy\u0107 w zimnej wodzie. Wytrze\u0107 papierowym kuchennym r\u0119cznikiem. Pokroi\u0107 w uko\u015bne kawa\u0142ki. 2. \u015amietan\u0119 mocno [&hellip;]<\/p>\n","protected":false},"author":2,"featured_media":0,"comment_status":"open","ping_status":"open","sticky":false,"template":"","format":"standard","meta":{"footnotes":""},"categories":[1],"tags":[],"_links":{"self":[{"href":"https:\/\/blog.polityka.pl\/adamczewski\/wp-json\/wp\/v2\/posts\/10200"}],"collection":[{"href":"https:\/\/blog.polityka.pl\/adamczewski\/wp-json\/wp\/v2\/posts"}],"about":[{"href":"https:\/\/blog.polityka.pl\/adamczewski\/wp-json\/wp\/v2\/types\/post"}],"author":[{"embeddable":true,"href":"https:\/\/blog.polityka.pl\/adamczewski\/wp-json\/wp\/v2\/users\/2"}],"replies":[{"embeddable":true,"href":"https:\/\/blog.polityka.pl\/adamczewski\/wp-json\/wp\/v2\/comments?post=10200"}],"version-history":[{"count":0,"href":"https:\/\/blog.polityka.pl\/adamczewski\/wp-json\/wp\/v2\/posts\/10200\/revisions"}],"wp:attachment":[{"href":"https:\/\/blog.polityka.pl\/adamczewski\/wp-json\/wp\/v2\/media?parent=10200"}],"wp:term":[{"taxonomy":"category","embeddable":true,"href":"https:\/\/blog.polityka.pl\/adamczewski\/wp-json\/wp\/v2\/categories?post=10200"},{"taxonomy":"post_tag","embeddable":true,"href":"https:\/\/blog.polityka.pl\/adamczewski\/wp-json\/wp\/v2\/tags?post=10200"}],"curies":[{"name":"wp","href":"https:\/\/api.w.org\/{rel}","templated":true}]}}