
{"id":10201,"date":"2009-04-05T10:05:45","date_gmt":"2009-04-05T09:05:45","guid":{"rendered":"http:\/\/adamczewscy.pl\/?p=2409"},"modified":"2009-04-05T10:05:45","modified_gmt":"2009-04-05T09:05:45","slug":"salatka-sledziowa-ii","status":"publish","type":"post","link":"https:\/\/blog.polityka.pl\/adamczewski\/2009\/04\/05\/salatka-sledziowa-ii\/","title":{"rendered":"Sa\u0142atka \u015bledziowa II"},"content":{"rendered":"<p><em>8 p\u0142at\u00f3w \u015bledzi solonych, 2 szklanki mleka, 8 jaj, p\u00f3\u0142 szklanki majonezu, 2 dymki wraz ze szczypiorem, pieprz.\u00a0<\/em><\/p>\n<p>1. P\u0142aty \u015bledziowe zala\u0107 mlekiem, odstawi\u0107 na p\u00f3\u0142 godziny. Po wyj\u0119ciu op\u0142uka\u0107, najlepiej zimn\u0105 przegotowan\u0105 wod\u0105, osuszy\u0107 kuchennym papierowym r\u0119cznikiem, pokroi\u0107 poszczeg\u00f3lne filety na uko\u015bne w\u0105skie kawa\u0142ki.<br \/>\n2. Ugotowa\u0107 jaja na twardo, ozi\u0119bi\u0107, obra\u0107 ze skorupek i pokroi\u0107 w kostk\u0119.<br \/>\n3. Dymki pokroi\u0107 w drobn\u0105 kostk\u0119, szczypior  posieka\u0107.<br \/>\n4. Wymiesza\u0107 wszystkie sk\u0142adniki, doda\u0107 majonez i pieprz do smaku i jeszcze raz wymiesza\u0107 sa\u0142atk\u0119.<\/p>\n","protected":false},"excerpt":{"rendered":"<p>8 p\u0142at\u00f3w \u015bledzi solonych, 2 szklanki mleka, 8 jaj, p\u00f3\u0142 szklanki majonezu, 2 dymki wraz ze szczypiorem, pieprz.\u00a0 1. P\u0142aty \u015bledziowe zala\u0107 mlekiem, odstawi\u0107 na p\u00f3\u0142 godziny. Po wyj\u0119ciu op\u0142uka\u0107, najlepiej zimn\u0105 przegotowan\u0105 wod\u0105, osuszy\u0107 kuchennym papierowym r\u0119cznikiem, pokroi\u0107 poszczeg\u00f3lne filety na uko\u015bne w\u0105skie kawa\u0142ki. 2. Ugotowa\u0107 jaja na twardo, ozi\u0119bi\u0107, obra\u0107 ze skorupek i [&hellip;]<\/p>\n","protected":false},"author":2,"featured_media":0,"comment_status":"open","ping_status":"open","sticky":false,"template":"","format":"standard","meta":{"footnotes":""},"categories":[1],"tags":[],"_links":{"self":[{"href":"https:\/\/blog.polityka.pl\/adamczewski\/wp-json\/wp\/v2\/posts\/10201"}],"collection":[{"href":"https:\/\/blog.polityka.pl\/adamczewski\/wp-json\/wp\/v2\/posts"}],"about":[{"href":"https:\/\/blog.polityka.pl\/adamczewski\/wp-json\/wp\/v2\/types\/post"}],"author":[{"embeddable":true,"href":"https:\/\/blog.polityka.pl\/adamczewski\/wp-json\/wp\/v2\/users\/2"}],"replies":[{"embeddable":true,"href":"https:\/\/blog.polityka.pl\/adamczewski\/wp-json\/wp\/v2\/comments?post=10201"}],"version-history":[{"count":0,"href":"https:\/\/blog.polityka.pl\/adamczewski\/wp-json\/wp\/v2\/posts\/10201\/revisions"}],"wp:attachment":[{"href":"https:\/\/blog.polityka.pl\/adamczewski\/wp-json\/wp\/v2\/media?parent=10201"}],"wp:term":[{"taxonomy":"category","embeddable":true,"href":"https:\/\/blog.polityka.pl\/adamczewski\/wp-json\/wp\/v2\/categories?post=10201"},{"taxonomy":"post_tag","embeddable":true,"href":"https:\/\/blog.polityka.pl\/adamczewski\/wp-json\/wp\/v2\/tags?post=10201"}],"curies":[{"name":"wp","href":"https:\/\/api.w.org\/{rel}","templated":true}]}}