
{"id":10207,"date":"2009-04-05T10:11:16","date_gmt":"2009-04-05T09:11:16","guid":{"rendered":"http:\/\/adamczewscy.pl\/?p=2415"},"modified":"2009-04-05T10:11:16","modified_gmt":"2009-04-05T09:11:16","slug":"mazurek-z-czekolada","status":"publish","type":"post","link":"https:\/\/blog.polityka.pl\/adamczewski\/2009\/04\/05\/mazurek-z-czekolada\/","title":{"rendered":"Mazurek z czekolad\u0105"},"content":{"rendered":"<p><em>Na ciasto: kostka mas\u0142a (20 dag), p\u00f3\u0142torej szklanki m\u0105ki, 3 \u017c\u00f3\u0142tka ugotowane na twardo, p\u00f3\u0142 szklanki cukru.<br \/>\nNa polew\u0119: 2 tabliczki gorzkiej czekolady, 3 \u0142y\u017cki zimnej wody, \u0142y\u017cka mas\u0142a, 3\/4 szklanki \u015bmietany krem\u00f3wki (30 proc. )<br \/>\nDo przybrania: sma\u017cona z cukrze sk\u00f3rka pomara\u0144czowa, obrane ze sk\u00f3rki migda\u0142y.\u00a0<\/em><\/p>\n<p>1. Przesieka\u0107 m\u0105k\u0119 z cukrem i mas\u0142em, doda\u0107 pokruszone \u017c\u00f3\u0142tka, wyrobi\u0107 ciasto.<br \/>\n2. Ciasto roz\u0142o\u017cy\u0107 na blaszce wy\u0142o\u017conej papierem do wypiek\u00f3w (wystarczy ciasta na blaszk\u0119 z piekarnika). Pok\u0142u\u0107 sp\u00f3d widelcem i upiec na z\u0142oto. Ostudzi\u0107 ciasto.<br \/>\n3. Czekolad\u0119 pokruszy\u0107, wraz z wod\u0105 w\u0142o\u017cy\u0107 do rondelka, doda\u0107 mas\u0142o i rozpu\u015bci\u0107 czekolad\u0119. Rozpuszczon\u0105 czekolad\u0119 ostudzi\u0107 lekko, doda\u0107 \u015bmietan\u0119 krem\u00f3wk\u0119. Wymiesza\u0107, wyla\u0107 na podpieczony placek, rozsmarowa\u0107, przybra\u0107 sk\u00f3rk\u0105 pomara\u0144czow\u0105 i migda\u0142ami.<br \/>\nKroi\u0107 dopiero kiedy czekoladowa polewa zastygnie.<\/p>\n","protected":false},"excerpt":{"rendered":"<p>Na ciasto: kostka mas\u0142a (20 dag), p\u00f3\u0142torej szklanki m\u0105ki, 3 \u017c\u00f3\u0142tka ugotowane na twardo, p\u00f3\u0142 szklanki cukru. Na polew\u0119: 2 tabliczki gorzkiej czekolady, 3 \u0142y\u017cki zimnej wody, \u0142y\u017cka mas\u0142a, 3\/4 szklanki \u015bmietany krem\u00f3wki (30 proc. ) Do przybrania: sma\u017cona z cukrze sk\u00f3rka pomara\u0144czowa, obrane ze sk\u00f3rki migda\u0142y.\u00a0 1. Przesieka\u0107 m\u0105k\u0119 z cukrem i mas\u0142em, doda\u0107 [&hellip;]<\/p>\n","protected":false},"author":2,"featured_media":0,"comment_status":"open","ping_status":"open","sticky":false,"template":"","format":"standard","meta":{"footnotes":""},"categories":[1],"tags":[],"_links":{"self":[{"href":"https:\/\/blog.polityka.pl\/adamczewski\/wp-json\/wp\/v2\/posts\/10207"}],"collection":[{"href":"https:\/\/blog.polityka.pl\/adamczewski\/wp-json\/wp\/v2\/posts"}],"about":[{"href":"https:\/\/blog.polityka.pl\/adamczewski\/wp-json\/wp\/v2\/types\/post"}],"author":[{"embeddable":true,"href":"https:\/\/blog.polityka.pl\/adamczewski\/wp-json\/wp\/v2\/users\/2"}],"replies":[{"embeddable":true,"href":"https:\/\/blog.polityka.pl\/adamczewski\/wp-json\/wp\/v2\/comments?post=10207"}],"version-history":[{"count":0,"href":"https:\/\/blog.polityka.pl\/adamczewski\/wp-json\/wp\/v2\/posts\/10207\/revisions"}],"wp:attachment":[{"href":"https:\/\/blog.polityka.pl\/adamczewski\/wp-json\/wp\/v2\/media?parent=10207"}],"wp:term":[{"taxonomy":"category","embeddable":true,"href":"https:\/\/blog.polityka.pl\/adamczewski\/wp-json\/wp\/v2\/categories?post=10207"},{"taxonomy":"post_tag","embeddable":true,"href":"https:\/\/blog.polityka.pl\/adamczewski\/wp-json\/wp\/v2\/tags?post=10207"}],"curies":[{"name":"wp","href":"https:\/\/api.w.org\/{rel}","templated":true}]}}