
{"id":10211,"date":"2009-04-05T10:14:33","date_gmt":"2009-04-05T09:14:33","guid":{"rendered":"http:\/\/adamczewscy.pl\/?p=2419"},"modified":"2009-04-05T10:14:33","modified_gmt":"2009-04-05T09:14:33","slug":"mazurek-%e2%80%9etutti-frutti%e2%80%9d","status":"publish","type":"post","link":"https:\/\/blog.polityka.pl\/adamczewski\/2009\/04\/05\/mazurek-%e2%80%9etutti-frutti%e2%80%9d\/","title":{"rendered":"Mazurek ?tutti frutti?"},"content":{"rendered":"<p><em>10 dag b\u0142yskawicznych p\u0142atk\u00f3w owsianych, 5 dag suszonych \u015bliwek, 10 dag suszonych moreli, 5 dag ziaren sezamu, 15 dag migda\u0142\u00f3w tzw. ?s\u0142upk\u00f3w?, 5 dag rodzynek, 10 dag orzech\u00f3w w\u0142oskich, p\u00f3\u0142 kostki mas\u0142a (10 dag), 6 \u0142y\u017cek miodu gryczanego, 3\/4 szklanki \u015bmietanki krem\u00f3wki, sok z ca\u0142ej pomara\u0144czy. Do posmarowania wierzchu: 4-5 \u0142y\u017cek d\u017cemu pomara\u0144czowego z gorzkich pomara\u0144czy.\u00a0<\/em><\/p>\n<p>1. Umyte i osuszone \u015bliwki i morele pokroi\u0107 w paski.<br \/>\n2. Wymiesza\u0107 orzechy, migda\u0142y, rodzynki, \u015bliwki i morele z sezamem i p\u0142atkami.<br \/>\n3. W garnku rozgrza\u0107 mas\u0142o, mi\u00f3d, \u015bmietank\u0119 oraz sok z pomara\u0144czy oraz wszystkie bakalie z p\u0142atkami i sezamem. Zagotowa\u0107 i na ma\u0142ym ogniu, mieszaj\u0105c gotowa\u0107 oko\u0142o 3 minut.<br \/>\n4. Blaszke o wymiarach 25x 40 cm wy\u0142o\u017cy\u0107 papierem do wypiek\u00f3w. Rozsmarowa\u0107 r\u00f3wn\u0105 warstw\u0105 mas\u0119.<br \/>\n5. Ppiec 20minut w piekarniku nagrzanym do 180 st C.<br \/>\n6. Upieczony, jeszcze gor\u0105cy mazurek posmarowa\u0107 d\u017cemem pomara\u0144czowym.<\/p>\n","protected":false},"excerpt":{"rendered":"<p>10 dag b\u0142yskawicznych p\u0142atk\u00f3w owsianych, 5 dag suszonych \u015bliwek, 10 dag suszonych moreli, 5 dag ziaren sezamu, 15 dag migda\u0142\u00f3w tzw. ?s\u0142upk\u00f3w?, 5 dag rodzynek, 10 dag orzech\u00f3w w\u0142oskich, p\u00f3\u0142 kostki mas\u0142a (10 dag), 6 \u0142y\u017cek miodu gryczanego, 3\/4 szklanki \u015bmietanki krem\u00f3wki, sok z ca\u0142ej pomara\u0144czy. Do posmarowania wierzchu: 4-5 \u0142y\u017cek d\u017cemu pomara\u0144czowego z gorzkich [&hellip;]<\/p>\n","protected":false},"author":2,"featured_media":0,"comment_status":"open","ping_status":"open","sticky":false,"template":"","format":"standard","meta":{"footnotes":""},"categories":[1],"tags":[],"_links":{"self":[{"href":"https:\/\/blog.polityka.pl\/adamczewski\/wp-json\/wp\/v2\/posts\/10211"}],"collection":[{"href":"https:\/\/blog.polityka.pl\/adamczewski\/wp-json\/wp\/v2\/posts"}],"about":[{"href":"https:\/\/blog.polityka.pl\/adamczewski\/wp-json\/wp\/v2\/types\/post"}],"author":[{"embeddable":true,"href":"https:\/\/blog.polityka.pl\/adamczewski\/wp-json\/wp\/v2\/users\/2"}],"replies":[{"embeddable":true,"href":"https:\/\/blog.polityka.pl\/adamczewski\/wp-json\/wp\/v2\/comments?post=10211"}],"version-history":[{"count":0,"href":"https:\/\/blog.polityka.pl\/adamczewski\/wp-json\/wp\/v2\/posts\/10211\/revisions"}],"wp:attachment":[{"href":"https:\/\/blog.polityka.pl\/adamczewski\/wp-json\/wp\/v2\/media?parent=10211"}],"wp:term":[{"taxonomy":"category","embeddable":true,"href":"https:\/\/blog.polityka.pl\/adamczewski\/wp-json\/wp\/v2\/categories?post=10211"},{"taxonomy":"post_tag","embeddable":true,"href":"https:\/\/blog.polityka.pl\/adamczewski\/wp-json\/wp\/v2\/tags?post=10211"}],"curies":[{"name":"wp","href":"https:\/\/api.w.org\/{rel}","templated":true}]}}