
{"id":10217,"date":"2009-04-19T13:34:09","date_gmt":"2009-04-19T12:34:09","guid":{"rendered":"http:\/\/adamczewscy.pl\/?p=2429"},"modified":"2009-04-19T13:34:09","modified_gmt":"2009-04-19T12:34:09","slug":"rolada-biszkoptowa-z-dzemem","status":"publish","type":"post","link":"https:\/\/blog.polityka.pl\/adamczewski\/2009\/04\/19\/rolada-biszkoptowa-z-dzemem\/","title":{"rendered":"Rolada biszkoptowa z d\u017cemem"},"content":{"rendered":"<p><em>Puszka zag\u0119szczonego mleka (250 ml), szklanka maki pszennej, 2 jaja, p\u00f3\u0142 \u0142y\u017ceczki oczyszczonej sody, szczypta soli. Do posmarowania pergaminu do wypiek\u00f3w: \u0142y\u017cka mas\u0142a.<br \/>\nNa nadzienie: p\u00f3\u0142 szklanki (s\u0142oika) ulubionego d\u017cemu. Do posypania rolady: \u0142y\u017cka cukru-pudru.\u00a0<\/em><br \/>\n1. Zag\u0119szczone mleko wla\u0107 do wysokiego naczynia, doda\u0107 jajka w ca\u0142o\u015bci i ubi\u0107 r\u0119cznym mikserem na jednorodna mas\u0119.<br \/>\n2. Do masy doda\u0107 m\u0105k\u0119 i wymieszan\u0105 z octem sod\u0119 oraz szczypt\u0119 soli. Jeszcze raz ubi\u0107 mikserem wszystko razem.<br \/>\n3. Mas\u0119 biszkoptow\u0105 wyla\u0107 na posmarowany mas\u0142em arkusz pergaminu do wypiek\u00f3w na blaszk\u0119 30 na 30-35 cm.<br \/>\n4. Piec w nagrzanym do 180 st C  piekarniku oko\u0142o 7 minut.<br \/>\n5. Jeszcze ciep\u0142y biszkopt posmarowa\u0107 d\u017cemem (mo\u017cna go nieco podgrza\u0107 w kuchence mikrofalowej, wtedy \u0142atwiej si\u0119 rozsmaruje) i zwin\u0105\u0107 rolad\u0119 odcinaj\u0105c delikatnie ciasto no\u017cem od papieru. Zastudzi\u0107 rolad\u0119. Zupe\u0142nie zimn\u0105 posypa\u0107 przez sitko cukrem pudrem. Kroi\u0107 w 2-centymetrowe plasterki.<\/p>\n","protected":false},"excerpt":{"rendered":"<p>Puszka zag\u0119szczonego mleka (250 ml), szklanka maki pszennej, 2 jaja, p\u00f3\u0142 \u0142y\u017ceczki oczyszczonej sody, szczypta soli. Do posmarowania pergaminu do wypiek\u00f3w: \u0142y\u017cka mas\u0142a. Na nadzienie: p\u00f3\u0142 szklanki (s\u0142oika) ulubionego d\u017cemu. Do posypania rolady: \u0142y\u017cka cukru-pudru.\u00a0 1. Zag\u0119szczone mleko wla\u0107 do wysokiego naczynia, doda\u0107 jajka w ca\u0142o\u015bci i ubi\u0107 r\u0119cznym mikserem na jednorodna mas\u0119. 2. Do [&hellip;]<\/p>\n","protected":false},"author":2,"featured_media":0,"comment_status":"open","ping_status":"open","sticky":false,"template":"","format":"standard","meta":{"footnotes":""},"categories":[1],"tags":[],"_links":{"self":[{"href":"https:\/\/blog.polityka.pl\/adamczewski\/wp-json\/wp\/v2\/posts\/10217"}],"collection":[{"href":"https:\/\/blog.polityka.pl\/adamczewski\/wp-json\/wp\/v2\/posts"}],"about":[{"href":"https:\/\/blog.polityka.pl\/adamczewski\/wp-json\/wp\/v2\/types\/post"}],"author":[{"embeddable":true,"href":"https:\/\/blog.polityka.pl\/adamczewski\/wp-json\/wp\/v2\/users\/2"}],"replies":[{"embeddable":true,"href":"https:\/\/blog.polityka.pl\/adamczewski\/wp-json\/wp\/v2\/comments?post=10217"}],"version-history":[{"count":0,"href":"https:\/\/blog.polityka.pl\/adamczewski\/wp-json\/wp\/v2\/posts\/10217\/revisions"}],"wp:attachment":[{"href":"https:\/\/blog.polityka.pl\/adamczewski\/wp-json\/wp\/v2\/media?parent=10217"}],"wp:term":[{"taxonomy":"category","embeddable":true,"href":"https:\/\/blog.polityka.pl\/adamczewski\/wp-json\/wp\/v2\/categories?post=10217"},{"taxonomy":"post_tag","embeddable":true,"href":"https:\/\/blog.polityka.pl\/adamczewski\/wp-json\/wp\/v2\/tags?post=10217"}],"curies":[{"name":"wp","href":"https:\/\/api.w.org\/{rel}","templated":true}]}}