
{"id":10220,"date":"2009-04-19T13:40:08","date_gmt":"2009-04-19T12:40:08","guid":{"rendered":"http:\/\/adamczewscy.pl\/?p=2432"},"modified":"2009-04-19T13:40:08","modified_gmt":"2009-04-19T12:40:08","slug":"cukinia-faszerowana-ziolowym-serkiem","status":"publish","type":"post","link":"https:\/\/blog.polityka.pl\/adamczewski\/2009\/04\/19\/cukinia-faszerowana-ziolowym-serkiem\/","title":{"rendered":"Cukinia faszerowana zio\u0142owym serkiem"},"content":{"rendered":"<p><em>2 spore cukinie lub 4 mniejsze, opakowanie zio\u0142owego serka twarogowego, 2 dymki, p\u00f3\u0142 szklanki startego parmezanu, \u0142y\u017ceczka siekanego \u015bwie\u017cego tymianku, 2 jaja, 3 \u0142y\u017cki oliwy z oliwek, s\u00f3l, pieprz do smaku.\u00a0<\/em><\/p>\n<p>1. Cukinie poprzekrawa\u0107 na po\u0142\u00f3wki, wydr\u0105\u017cy\u0107 \u0142y\u017ck\u0105 mi\u0105\u017csz, drobno posieka\u0107.<br \/>\n2. Cebulki drobno posieka\u0107 wraz ze szczypiorkiem.<br \/>\n3. Wymiesza\u0107 ser, posiekan\u0105 cukini\u0119, cebul\u0119, jaja i siekany tymianek, oliw\u0119, doprawi\u0107 sol\u0105 i pieprzem.<br \/>\n4. Po\u0142\u00f3wki cukinii nape\u0142ni\u0107 farszem, lekko skropi\u0107 odrobin\u0105 oliwy.<br \/>\n5. Piekarnik nagrza\u0107 do temperatury 200 st C i piec cukinie oko\u0142o p\u00f3\u0142 godziny.<br \/>\nTak przyrz\u0105dzone cukinie doskona\u0142e s\u0105  zar\u00f3wno na ciep\u0142o jak i na zimno.<\/p>\n","protected":false},"excerpt":{"rendered":"<p>2 spore cukinie lub 4 mniejsze, opakowanie zio\u0142owego serka twarogowego, 2 dymki, p\u00f3\u0142 szklanki startego parmezanu, \u0142y\u017ceczka siekanego \u015bwie\u017cego tymianku, 2 jaja, 3 \u0142y\u017cki oliwy z oliwek, s\u00f3l, pieprz do smaku.\u00a0 1. Cukinie poprzekrawa\u0107 na po\u0142\u00f3wki, wydr\u0105\u017cy\u0107 \u0142y\u017ck\u0105 mi\u0105\u017csz, drobno posieka\u0107. 2. Cebulki drobno posieka\u0107 wraz ze szczypiorkiem. 3. Wymiesza\u0107 ser, posiekan\u0105 cukini\u0119, cebul\u0119, jaja [&hellip;]<\/p>\n","protected":false},"author":2,"featured_media":0,"comment_status":"open","ping_status":"open","sticky":false,"template":"","format":"standard","meta":{"footnotes":""},"categories":[1],"tags":[],"_links":{"self":[{"href":"https:\/\/blog.polityka.pl\/adamczewski\/wp-json\/wp\/v2\/posts\/10220"}],"collection":[{"href":"https:\/\/blog.polityka.pl\/adamczewski\/wp-json\/wp\/v2\/posts"}],"about":[{"href":"https:\/\/blog.polityka.pl\/adamczewski\/wp-json\/wp\/v2\/types\/post"}],"author":[{"embeddable":true,"href":"https:\/\/blog.polityka.pl\/adamczewski\/wp-json\/wp\/v2\/users\/2"}],"replies":[{"embeddable":true,"href":"https:\/\/blog.polityka.pl\/adamczewski\/wp-json\/wp\/v2\/comments?post=10220"}],"version-history":[{"count":0,"href":"https:\/\/blog.polityka.pl\/adamczewski\/wp-json\/wp\/v2\/posts\/10220\/revisions"}],"wp:attachment":[{"href":"https:\/\/blog.polityka.pl\/adamczewski\/wp-json\/wp\/v2\/media?parent=10220"}],"wp:term":[{"taxonomy":"category","embeddable":true,"href":"https:\/\/blog.polityka.pl\/adamczewski\/wp-json\/wp\/v2\/categories?post=10220"},{"taxonomy":"post_tag","embeddable":true,"href":"https:\/\/blog.polityka.pl\/adamczewski\/wp-json\/wp\/v2\/tags?post=10220"}],"curies":[{"name":"wp","href":"https:\/\/api.w.org\/{rel}","templated":true}]}}