
{"id":10222,"date":"2009-04-27T05:48:50","date_gmt":"2009-04-27T04:48:50","guid":{"rendered":"http:\/\/adamczewscy.pl\/?p=2437"},"modified":"2009-04-27T05:48:50","modified_gmt":"2009-04-27T04:48:50","slug":"sznycle-z-ananasem-i-sosem-pomidorowym","status":"publish","type":"post","link":"https:\/\/blog.polityka.pl\/adamczewski\/2009\/04\/27\/sznycle-z-ananasem-i-sosem-pomidorowym\/","title":{"rendered":"Sznycle z ananasem i sosem pomidorowym"},"content":{"rendered":"<p><em>2 niedu\u017ce pol\u0119dwiczki wieprzowe, puszka ananasa w zalewie lub 1 ma\u0142y ananas, 6 dymek, 3\/4 szklanki \u015bmietany 22-proc., \u0142y\u017cka m\u0105ki, 2 \u0142y\u017cki koncentratu pomidorowego, ma\u0142y, j\u0119drny pomidor, \u0142y\u017ceczka do kawy lub nieco mniej, w zale\u017cno\u015bci od smaku, zi\u00f3\u0142 prowansalskich, s\u00f3l, pieprz, cukier. Do posmarowania formy: \u0142y\u017cka mas\u0142a.\u00a0<\/em><\/p>\n<p>1. Pol\u0119dwiczki podzieli\u0107 na 4 cz\u0119\u015bci ka\u017cd\u0105, lekko zbi\u0107 t\u0142uczkiem do mi\u0119sa, nadaj\u0105c owalny kszta\u0142t. Posypa\u0107 sol\u0105 i pieprzem.<br \/>\n2. Pomidora pokroi\u0107 w kostk\u0119.<br \/>\n3. Ananasa obra\u0107 i pokroi\u0107 w p\u00f3\u0142plastry usuwaj\u0105c zdrewnia\u0142y \u015brodek. Ananasa z zalewy os\u0105czy\u0107, poprzekrawa\u0107 na p\u00f3\u0142.<br \/>\n4. Dymk\u0119 posieka\u0107 wraz ze szczypiorem.<br \/>\n5. W posmarowanym mas\u0142em \u017caroodpornym naczyniu u\u0142o\u017cy\u0107 sznycle przek\u0142adaj\u0105c je ananasem, posypa\u0107 siekan\u0105 dymk\u0105 i kosteczkami pomidora.<br \/>\n6. Wymiesza\u0107 \u015bmietan\u0119, koncentrat pomidorowy, 3 \u0142y\u017cki wody i \u0142y\u017ck\u0119 m\u0105ki, doprawi\u0107 sol\u0105, cukrem i pieprzem. Sosem pola\u0107 sznycle z ananasem.<br \/>\n7. Nagrza\u0107 piekarnik do 220 st C i zapieka\u0107 potraw\u0119 oko\u0142o 20 minut.<br \/>\nJako dodatek polecam ry\u017c.<\/p>\n","protected":false},"excerpt":{"rendered":"<p>2 niedu\u017ce pol\u0119dwiczki wieprzowe, puszka ananasa w zalewie lub 1 ma\u0142y ananas, 6 dymek, 3\/4 szklanki \u015bmietany 22-proc., \u0142y\u017cka m\u0105ki, 2 \u0142y\u017cki koncentratu pomidorowego, ma\u0142y, j\u0119drny pomidor, \u0142y\u017ceczka do kawy lub nieco mniej, w zale\u017cno\u015bci od smaku, zi\u00f3\u0142 prowansalskich, s\u00f3l, pieprz, cukier. Do posmarowania formy: \u0142y\u017cka mas\u0142a.\u00a0 1. Pol\u0119dwiczki podzieli\u0107 na 4 cz\u0119\u015bci ka\u017cd\u0105, lekko [&hellip;]<\/p>\n","protected":false},"author":2,"featured_media":0,"comment_status":"open","ping_status":"open","sticky":false,"template":"","format":"standard","meta":{"footnotes":""},"categories":[1],"tags":[],"_links":{"self":[{"href":"https:\/\/blog.polityka.pl\/adamczewski\/wp-json\/wp\/v2\/posts\/10222"}],"collection":[{"href":"https:\/\/blog.polityka.pl\/adamczewski\/wp-json\/wp\/v2\/posts"}],"about":[{"href":"https:\/\/blog.polityka.pl\/adamczewski\/wp-json\/wp\/v2\/types\/post"}],"author":[{"embeddable":true,"href":"https:\/\/blog.polityka.pl\/adamczewski\/wp-json\/wp\/v2\/users\/2"}],"replies":[{"embeddable":true,"href":"https:\/\/blog.polityka.pl\/adamczewski\/wp-json\/wp\/v2\/comments?post=10222"}],"version-history":[{"count":0,"href":"https:\/\/blog.polityka.pl\/adamczewski\/wp-json\/wp\/v2\/posts\/10222\/revisions"}],"wp:attachment":[{"href":"https:\/\/blog.polityka.pl\/adamczewski\/wp-json\/wp\/v2\/media?parent=10222"}],"wp:term":[{"taxonomy":"category","embeddable":true,"href":"https:\/\/blog.polityka.pl\/adamczewski\/wp-json\/wp\/v2\/categories?post=10222"},{"taxonomy":"post_tag","embeddable":true,"href":"https:\/\/blog.polityka.pl\/adamczewski\/wp-json\/wp\/v2\/tags?post=10222"}],"curies":[{"name":"wp","href":"https:\/\/api.w.org\/{rel}","templated":true}]}}