
{"id":10223,"date":"2009-04-27T05:49:32","date_gmt":"2009-04-27T04:49:32","guid":{"rendered":"http:\/\/adamczewscy.pl\/?p=2438"},"modified":"2009-04-27T05:49:32","modified_gmt":"2009-04-27T04:49:32","slug":"salatka-na-pierwsze-danie","status":"publish","type":"post","link":"https:\/\/blog.polityka.pl\/adamczewski\/2009\/04\/27\/salatka-na-pierwsze-danie\/","title":{"rendered":"Sa\u0142atka na pierwsze danie"},"content":{"rendered":"<p><em>Udko w\u0119dzonego kurczaka, sa\u0142ata lodowa lub porcja mieszanych r\u00f3\u017cnych sa\u0142at, 4 \u015brednie pomidory, zielony og\u00f3rek, 2 \u0142y\u017cki soku cytrynowego lub octu balsamicznego, 6 \u0142y\u017cek oliwy, s\u00f3l, pieprz, p\u00f3\u0142 \u0142y\u017ceczki miodu. <\/em><\/p>\n<p>1. Usun\u0105\u0107 z kurczaka ko\u015bci, pozosta\u0142e mi\u0119so pokroi\u0107 w kostk\u0119.<br \/>\n2. Pomidory pokroi\u0107 w \u0107wiartki, obranego og\u00f3rka w plasterki. Sa\u0142at\u0119 lodow\u0105-umy\u0107 i porozrywa\u0107 na cz\u0119\u015bci. Mieszanka sa\u0142at jest ju\u017c rozdrobniona i zazwyczaj umyta.<br \/>\n3. W miseczce utrze\u0107 sok lub ocet balsamiczny z sol\u0105, pieprzem i miodem, mieszaj\u0105c dodawa\u0107 po trochu oliw\u0119.<br \/>\n4. Wymiesza\u0107 sk\u0142adniki sa\u0142atki, pola\u0107 sosem, niezbyt energicznie wymiesza\u0107 i od razu podawa\u0107.<br \/>\nPolecam to danie zamiast zupy na wiosenny obiad. <\/p>\n","protected":false},"excerpt":{"rendered":"<p>Udko w\u0119dzonego kurczaka, sa\u0142ata lodowa lub porcja mieszanych r\u00f3\u017cnych sa\u0142at, 4 \u015brednie pomidory, zielony og\u00f3rek, 2 \u0142y\u017cki soku cytrynowego lub octu balsamicznego, 6 \u0142y\u017cek oliwy, s\u00f3l, pieprz, p\u00f3\u0142 \u0142y\u017ceczki miodu. 1. Usun\u0105\u0107 z kurczaka ko\u015bci, pozosta\u0142e mi\u0119so pokroi\u0107 w kostk\u0119. 2. Pomidory pokroi\u0107 w \u0107wiartki, obranego og\u00f3rka w plasterki. Sa\u0142at\u0119 lodow\u0105-umy\u0107 i porozrywa\u0107 na cz\u0119\u015bci. [&hellip;]<\/p>\n","protected":false},"author":2,"featured_media":0,"comment_status":"open","ping_status":"open","sticky":false,"template":"","format":"standard","meta":{"footnotes":""},"categories":[1],"tags":[],"_links":{"self":[{"href":"https:\/\/blog.polityka.pl\/adamczewski\/wp-json\/wp\/v2\/posts\/10223"}],"collection":[{"href":"https:\/\/blog.polityka.pl\/adamczewski\/wp-json\/wp\/v2\/posts"}],"about":[{"href":"https:\/\/blog.polityka.pl\/adamczewski\/wp-json\/wp\/v2\/types\/post"}],"author":[{"embeddable":true,"href":"https:\/\/blog.polityka.pl\/adamczewski\/wp-json\/wp\/v2\/users\/2"}],"replies":[{"embeddable":true,"href":"https:\/\/blog.polityka.pl\/adamczewski\/wp-json\/wp\/v2\/comments?post=10223"}],"version-history":[{"count":0,"href":"https:\/\/blog.polityka.pl\/adamczewski\/wp-json\/wp\/v2\/posts\/10223\/revisions"}],"wp:attachment":[{"href":"https:\/\/blog.polityka.pl\/adamczewski\/wp-json\/wp\/v2\/media?parent=10223"}],"wp:term":[{"taxonomy":"category","embeddable":true,"href":"https:\/\/blog.polityka.pl\/adamczewski\/wp-json\/wp\/v2\/categories?post=10223"},{"taxonomy":"post_tag","embeddable":true,"href":"https:\/\/blog.polityka.pl\/adamczewski\/wp-json\/wp\/v2\/tags?post=10223"}],"curies":[{"name":"wp","href":"https:\/\/api.w.org\/{rel}","templated":true}]}}