
{"id":10224,"date":"2009-04-27T05:50:11","date_gmt":"2009-04-27T04:50:11","guid":{"rendered":"http:\/\/adamczewscy.pl\/?p=2439"},"modified":"2009-04-27T05:50:11","modified_gmt":"2009-04-27T04:50:11","slug":"poledwiczki-w-boczku","status":"publish","type":"post","link":"https:\/\/blog.polityka.pl\/adamczewski\/2009\/04\/27\/poledwiczki-w-boczku\/","title":{"rendered":"Pol\u0119dwiczki w boczku"},"content":{"rendered":"<p><em>2 d\u0142ugie lecz cienkie wieprzowe pol\u0119dwiczki, 8 du\u017cych plasterk\u00f3w w\u0119dzonego boczku, 2 \u0142y\u017cki oleju, 2 \u0142y\u017cki wina czerwonego (mo\u017cna zast\u0105pi\u0107 je bulionem z kostki), 2 \u0142y\u017cki \u015bmietany krem\u00f3wki.<br \/>\nJako dodatek: 8 \u0142y\u017ceczek \u017curawiny do mi\u0119sa.\u00a0<\/em><\/p>\n<p>1. Pol\u0119dwiczki umy\u0107, osuszy\u0107 papierowym kuchennym r\u0119cznikiem, posypa\u0107 lekko pieprzem i zawin\u0105\u0107 w plasterki boczku. Mo\u017cna owin\u0105\u0107 bawe\u0142niana nici\u0105.<br \/>\n2. Na patelni rozgrza\u0107 olej i sma\u017cy\u0107  pol\u0119dwiczki w ca\u0142o\u015bci, z ka\u017cdej strony, w sumie 10minut.<br \/>\n3. Pol\u0119dwiczki wyj\u0105\u0107 z patelni, pokroi\u0107 na grubsze plastry (po usuni\u0119ciu nici). U\u0142o\u017cy\u0107 na p\u00f3\u0142misku mi\u0119so, obok kopczyki \u017curawin.<br \/>\n4. Na patelni\u0119 wla\u0107 wino lub bulion, zagotowa\u0107, doda\u0107 \u015bmietank\u0119 i silnie zagrza\u0107. Sos poda\u0107 osobno.<\/p>\n","protected":false},"excerpt":{"rendered":"<p>2 d\u0142ugie lecz cienkie wieprzowe pol\u0119dwiczki, 8 du\u017cych plasterk\u00f3w w\u0119dzonego boczku, 2 \u0142y\u017cki oleju, 2 \u0142y\u017cki wina czerwonego (mo\u017cna zast\u0105pi\u0107 je bulionem z kostki), 2 \u0142y\u017cki \u015bmietany krem\u00f3wki. Jako dodatek: 8 \u0142y\u017ceczek \u017curawiny do mi\u0119sa.\u00a0 1. Pol\u0119dwiczki umy\u0107, osuszy\u0107 papierowym kuchennym r\u0119cznikiem, posypa\u0107 lekko pieprzem i zawin\u0105\u0107 w plasterki boczku. Mo\u017cna owin\u0105\u0107 bawe\u0142niana nici\u0105. 2. [&hellip;]<\/p>\n","protected":false},"author":2,"featured_media":0,"comment_status":"open","ping_status":"open","sticky":false,"template":"","format":"standard","meta":{"footnotes":""},"categories":[1],"tags":[],"_links":{"self":[{"href":"https:\/\/blog.polityka.pl\/adamczewski\/wp-json\/wp\/v2\/posts\/10224"}],"collection":[{"href":"https:\/\/blog.polityka.pl\/adamczewski\/wp-json\/wp\/v2\/posts"}],"about":[{"href":"https:\/\/blog.polityka.pl\/adamczewski\/wp-json\/wp\/v2\/types\/post"}],"author":[{"embeddable":true,"href":"https:\/\/blog.polityka.pl\/adamczewski\/wp-json\/wp\/v2\/users\/2"}],"replies":[{"embeddable":true,"href":"https:\/\/blog.polityka.pl\/adamczewski\/wp-json\/wp\/v2\/comments?post=10224"}],"version-history":[{"count":0,"href":"https:\/\/blog.polityka.pl\/adamczewski\/wp-json\/wp\/v2\/posts\/10224\/revisions"}],"wp:attachment":[{"href":"https:\/\/blog.polityka.pl\/adamczewski\/wp-json\/wp\/v2\/media?parent=10224"}],"wp:term":[{"taxonomy":"category","embeddable":true,"href":"https:\/\/blog.polityka.pl\/adamczewski\/wp-json\/wp\/v2\/categories?post=10224"},{"taxonomy":"post_tag","embeddable":true,"href":"https:\/\/blog.polityka.pl\/adamczewski\/wp-json\/wp\/v2\/tags?post=10224"}],"curies":[{"name":"wp","href":"https:\/\/api.w.org\/{rel}","templated":true}]}}