
{"id":10226,"date":"2009-04-27T05:51:41","date_gmt":"2009-04-27T04:51:41","guid":{"rendered":"http:\/\/adamczewscy.pl\/?p=2441"},"modified":"2009-04-27T05:51:41","modified_gmt":"2009-04-27T04:51:41","slug":"gulasz-warzywno-rybny","status":"publish","type":"post","link":"https:\/\/blog.polityka.pl\/adamczewski\/2009\/04\/27\/gulasz-warzywno-rybny\/","title":{"rendered":"Gulasz warzywno-rybny"},"content":{"rendered":"<p><em>60 dag filet\u00f3w z dorsza lub innej morskiej bia\u0142ej ryby, 4 \u015brednie marchewki, 6 ziemniak\u00f3w, cebula, 2 \u0142y\u017cki oleju lub oliwy z oliwek, \u0142y\u017cka m\u0105ki, 3 szklanki bulionu warzywnego z kostki, 2 \u0142y\u017cki soku cytrynowego, p\u00f3\u0142 szklanki \u015bmietanki 30-proc., \u0142y\u017cka tartego chrzanu ze s\u0142oiczka, 3 \u0142y\u017cki siekanego koperku, s\u00f3l, pieprz.\u00a0<\/em><\/p>\n<p>1. Ziemniaki i marchew obra\u0107, pokroi\u0107 w grub\u0105 kostk\u0119.<br \/>\n2. Cebul\u0119 posieka\u0107 drobno i zeszkli\u0107 na oleju lub oliwie, doda\u0107 ziemniaki i marchew, razem sma\u017cy\u0107 mieszaj\u0105c oko\u0142o 2 minut, opr\u00f3szy\u0107 m\u0105k\u0105 i jeszcze chwil\u0119 sma\u017cy\u0107, po czym wla\u0107 bulion i dusi\u0107 pod przykryciem kwadrans. Doda\u0107 na koniec chrzan i jeszcze raz zagotowa\u0107.<br \/>\n3. Filety umy\u0107, osuszy\u0107 i pokroi\u0107 w kostk\u0119, skropi\u0107 sokiem cytrynowym, posypa\u0107 sol\u0105 i pieprzem.<br \/>\n4. Do uduszonych warzyw doda\u0107 kawa\u0142ki ryby i posiekany koperek. Zagotowa\u0107 i na jak najmniejszym ogniu gotowa\u0107 5 minut. W razie potrzeby doprawi\u0107 jeszcze sol\u0105 i pieprzem.<\/p>\n","protected":false},"excerpt":{"rendered":"<p>60 dag filet\u00f3w z dorsza lub innej morskiej bia\u0142ej ryby, 4 \u015brednie marchewki, 6 ziemniak\u00f3w, cebula, 2 \u0142y\u017cki oleju lub oliwy z oliwek, \u0142y\u017cka m\u0105ki, 3 szklanki bulionu warzywnego z kostki, 2 \u0142y\u017cki soku cytrynowego, p\u00f3\u0142 szklanki \u015bmietanki 30-proc., \u0142y\u017cka tartego chrzanu ze s\u0142oiczka, 3 \u0142y\u017cki siekanego koperku, s\u00f3l, pieprz.\u00a0 1. Ziemniaki i marchew obra\u0107, [&hellip;]<\/p>\n","protected":false},"author":2,"featured_media":0,"comment_status":"open","ping_status":"open","sticky":false,"template":"","format":"standard","meta":{"footnotes":""},"categories":[1],"tags":[],"_links":{"self":[{"href":"https:\/\/blog.polityka.pl\/adamczewski\/wp-json\/wp\/v2\/posts\/10226"}],"collection":[{"href":"https:\/\/blog.polityka.pl\/adamczewski\/wp-json\/wp\/v2\/posts"}],"about":[{"href":"https:\/\/blog.polityka.pl\/adamczewski\/wp-json\/wp\/v2\/types\/post"}],"author":[{"embeddable":true,"href":"https:\/\/blog.polityka.pl\/adamczewski\/wp-json\/wp\/v2\/users\/2"}],"replies":[{"embeddable":true,"href":"https:\/\/blog.polityka.pl\/adamczewski\/wp-json\/wp\/v2\/comments?post=10226"}],"version-history":[{"count":0,"href":"https:\/\/blog.polityka.pl\/adamczewski\/wp-json\/wp\/v2\/posts\/10226\/revisions"}],"wp:attachment":[{"href":"https:\/\/blog.polityka.pl\/adamczewski\/wp-json\/wp\/v2\/media?parent=10226"}],"wp:term":[{"taxonomy":"category","embeddable":true,"href":"https:\/\/blog.polityka.pl\/adamczewski\/wp-json\/wp\/v2\/categories?post=10226"},{"taxonomy":"post_tag","embeddable":true,"href":"https:\/\/blog.polityka.pl\/adamczewski\/wp-json\/wp\/v2\/tags?post=10226"}],"curies":[{"name":"wp","href":"https:\/\/api.w.org\/{rel}","templated":true}]}}