
{"id":10228,"date":"2009-04-27T05:53:23","date_gmt":"2009-04-27T04:53:23","guid":{"rendered":"http:\/\/adamczewscy.pl\/?p=2443"},"modified":"2009-04-27T05:53:23","modified_gmt":"2009-04-27T04:53:23","slug":"lody-%e2%80%9ewspaniale%e2%80%9d","status":"publish","type":"post","link":"https:\/\/blog.polityka.pl\/adamczewski\/2009\/04\/27\/lody-%e2%80%9ewspaniale%e2%80%9d\/","title":{"rendered":"Lody ?wspania\u0142e?"},"content":{"rendered":"<p><em>2 szklanki \u015bmietanki kremowej 36-proc., 4 jaja, 200 g (czyli szklanka z ?czubkiem?) cukru, dla nadania smaku: 2 \u0142y\u017cki spirytusu lub rumu albo wed\u0142ug smaku sypkie kakao lub wymieszana z kilkoma kroplami ciep\u0142ej wody kawa rozpuszczalna.\u00a0<\/em><\/p>\n<p>1. Oddzieli\u0107 \u017c\u00f3\u0142tka od bia\u0142ek. \u017b\u00f3\u0142tka utrze\u0107 na puszyst\u0105 mas\u0119 z cukrem.<br \/>\n2. Ozi\u0119bion\u0105 \u015bmietank\u0119 ubi\u0107.<br \/>\n3. Ubi\u0107 sztywn\u0105 pian\u0119 z bia\u0142ek.<br \/>\n4. Wymiesza\u0107 starannie wszystkie sk\u0142adniki lod\u00f3w, na koniec doda\u0107 dodatek smakowy: spirytus, rum lub kaw\u0119 czy kakao i jeszcze raz delikatnie wymiesza\u0107.<br \/>\n5. Mas\u0119 prze\u0142o\u017cy\u0107 do  przeznaczonych do przechowywania \u017cywno\u015bci plastikowych pojemnik\u00f3w i  sch\u0142odzi\u0107 w lod\u00f3wce kilka godzin.<\/p>\n<p>Uwaga: jajka przeznaczone do przyrz\u0105dzania lod\u00f3w najpierw nale\u017cy starannie umy\u0107 a nast\u0119pnie sparzy\u0107 wrz\u0105tkiem.<\/p>\n","protected":false},"excerpt":{"rendered":"<p>2 szklanki \u015bmietanki kremowej 36-proc., 4 jaja, 200 g (czyli szklanka z ?czubkiem?) cukru, dla nadania smaku: 2 \u0142y\u017cki spirytusu lub rumu albo wed\u0142ug smaku sypkie kakao lub wymieszana z kilkoma kroplami ciep\u0142ej wody kawa rozpuszczalna.\u00a0 1. Oddzieli\u0107 \u017c\u00f3\u0142tka od bia\u0142ek. \u017b\u00f3\u0142tka utrze\u0107 na puszyst\u0105 mas\u0119 z cukrem. 2. Ozi\u0119bion\u0105 \u015bmietank\u0119 ubi\u0107. 3. Ubi\u0107 sztywn\u0105 [&hellip;]<\/p>\n","protected":false},"author":2,"featured_media":0,"comment_status":"open","ping_status":"open","sticky":false,"template":"","format":"standard","meta":{"footnotes":""},"categories":[1],"tags":[],"_links":{"self":[{"href":"https:\/\/blog.polityka.pl\/adamczewski\/wp-json\/wp\/v2\/posts\/10228"}],"collection":[{"href":"https:\/\/blog.polityka.pl\/adamczewski\/wp-json\/wp\/v2\/posts"}],"about":[{"href":"https:\/\/blog.polityka.pl\/adamczewski\/wp-json\/wp\/v2\/types\/post"}],"author":[{"embeddable":true,"href":"https:\/\/blog.polityka.pl\/adamczewski\/wp-json\/wp\/v2\/users\/2"}],"replies":[{"embeddable":true,"href":"https:\/\/blog.polityka.pl\/adamczewski\/wp-json\/wp\/v2\/comments?post=10228"}],"version-history":[{"count":0,"href":"https:\/\/blog.polityka.pl\/adamczewski\/wp-json\/wp\/v2\/posts\/10228\/revisions"}],"wp:attachment":[{"href":"https:\/\/blog.polityka.pl\/adamczewski\/wp-json\/wp\/v2\/media?parent=10228"}],"wp:term":[{"taxonomy":"category","embeddable":true,"href":"https:\/\/blog.polityka.pl\/adamczewski\/wp-json\/wp\/v2\/categories?post=10228"},{"taxonomy":"post_tag","embeddable":true,"href":"https:\/\/blog.polityka.pl\/adamczewski\/wp-json\/wp\/v2\/tags?post=10228"}],"curies":[{"name":"wp","href":"https:\/\/api.w.org\/{rel}","templated":true}]}}