
{"id":10229,"date":"2009-05-04T04:43:40","date_gmt":"2009-05-04T03:43:40","guid":{"rendered":"http:\/\/adamczewscy.pl\/?p=2445"},"modified":"2009-05-04T04:43:40","modified_gmt":"2009-05-04T03:43:40","slug":"babka-wiedenska","status":"publish","type":"post","link":"https:\/\/blog.polityka.pl\/adamczewski\/2009\/05\/04\/babka-wiedenska\/","title":{"rendered":"Babka wiede\u0144ska"},"content":{"rendered":"<p><em>4 jaja, szklanka cukru, szklanka m\u0105ki pszennej, szklanka m\u0105ki ziemniaczanej, cukier waniliowy, \u0142y\u017ceczka proszku do pieczenia, szklanka stopionego mas\u0142a. Do wysmarowania formy: \u0142y\u017cka mas\u0142a.\u00a0<\/em><\/p>\n<p>1. Jaja  z cukrem ubi\u0107 mikserem na puszyst\u0105 mas\u0119.<br \/>\n2. Do ubitej masy doda\u0107 oba rodzaje m\u0105ki oraz proszek do pieczenia i cukier waniliowy. Ostro\u017cnie wymiesza\u0107, przela\u0107 ciasto do wysmarowanej mas\u0142em formy lub do dw\u00f3ch ma\u0142ych foremek keksowych.<br \/>\n3. Piec 45 minut w temperaturze 170-180 st C.<\/p>\n<p>Upieczon\u0105 babk\u0119 mo\u017cna posypa\u0107 cukrem pudrem.<\/p>\n","protected":false},"excerpt":{"rendered":"<p>4 jaja, szklanka cukru, szklanka m\u0105ki pszennej, szklanka m\u0105ki ziemniaczanej, cukier waniliowy, \u0142y\u017ceczka proszku do pieczenia, szklanka stopionego mas\u0142a. Do wysmarowania formy: \u0142y\u017cka mas\u0142a.\u00a0 1. Jaja z cukrem ubi\u0107 mikserem na puszyst\u0105 mas\u0119. 2. Do ubitej masy doda\u0107 oba rodzaje m\u0105ki oraz proszek do pieczenia i cukier waniliowy. Ostro\u017cnie wymiesza\u0107, przela\u0107 ciasto do wysmarowanej mas\u0142em [&hellip;]<\/p>\n","protected":false},"author":2,"featured_media":0,"comment_status":"open","ping_status":"open","sticky":false,"template":"","format":"standard","meta":{"footnotes":""},"categories":[1],"tags":[],"_links":{"self":[{"href":"https:\/\/blog.polityka.pl\/adamczewski\/wp-json\/wp\/v2\/posts\/10229"}],"collection":[{"href":"https:\/\/blog.polityka.pl\/adamczewski\/wp-json\/wp\/v2\/posts"}],"about":[{"href":"https:\/\/blog.polityka.pl\/adamczewski\/wp-json\/wp\/v2\/types\/post"}],"author":[{"embeddable":true,"href":"https:\/\/blog.polityka.pl\/adamczewski\/wp-json\/wp\/v2\/users\/2"}],"replies":[{"embeddable":true,"href":"https:\/\/blog.polityka.pl\/adamczewski\/wp-json\/wp\/v2\/comments?post=10229"}],"version-history":[{"count":0,"href":"https:\/\/blog.polityka.pl\/adamczewski\/wp-json\/wp\/v2\/posts\/10229\/revisions"}],"wp:attachment":[{"href":"https:\/\/blog.polityka.pl\/adamczewski\/wp-json\/wp\/v2\/media?parent=10229"}],"wp:term":[{"taxonomy":"category","embeddable":true,"href":"https:\/\/blog.polityka.pl\/adamczewski\/wp-json\/wp\/v2\/categories?post=10229"},{"taxonomy":"post_tag","embeddable":true,"href":"https:\/\/blog.polityka.pl\/adamczewski\/wp-json\/wp\/v2\/tags?post=10229"}],"curies":[{"name":"wp","href":"https:\/\/api.w.org\/{rel}","templated":true}]}}