
{"id":10230,"date":"2009-05-04T04:45:26","date_gmt":"2009-05-04T03:45:26","guid":{"rendered":"http:\/\/adamczewscy.pl\/?p=2446"},"modified":"2009-05-04T04:45:26","modified_gmt":"2009-05-04T03:45:26","slug":"duszone-jarzynki","status":"publish","type":"post","link":"https:\/\/blog.polityka.pl\/adamczewski\/2009\/05\/04\/duszone-jarzynki\/","title":{"rendered":"Duszone jarzynki"},"content":{"rendered":"<p><em>2 kalarepki, 2 niedu\u017ce, m\u0142ode cukinie, 4 marchewki, 2-3 \u0142y\u017cki mas\u0142a, szklanka bulionu, cukier, s\u00f3l, pieprz, \u0142y\u017cka posiekanej zielonej pietruszki.<\/em><\/p>\n<p>1. Kalarepk\u0119 obra\u0107, pokroi\u0107  w \u00f3semki, marchew obra\u0107, umy\u0107  i pokroi\u0107 w talarki, cukinie pokroi\u0107 w s\u0142upki wielko\u015bci frytek.<br \/>\n2. Roztopi\u0107 mas\u0142o na du\u017cej patelni, wrzuci\u0107 na nie kalarepk\u0119 i marchew. Mieszaj\u0105c sma\u017cy\u0107, a\u017c zaczn\u0105 si\u0119 na brzegach rumieni\u0107. Posypa\u0107 odrobin\u0105 cukru, sma\u017cy\u0107 jeszcze chwil\u0119 i doda\u0107 bulion, doprawi\u0107 w razie potrzeby sola i pieprzem.<br \/>\n3. Doda\u0107 na koniec pokrojon\u0105 cukini\u0119 i dusi\u0107 wszystko  razem,  a\u017c odparuje wi\u0119kszo\u015b\u0107 sosu.<br \/>\nPosypa\u0107 posiekan\u0105  zielon\u0105 pietruszk\u0105.<\/p>\n","protected":false},"excerpt":{"rendered":"<p>2 kalarepki, 2 niedu\u017ce, m\u0142ode cukinie, 4 marchewki, 2-3 \u0142y\u017cki mas\u0142a, szklanka bulionu, cukier, s\u00f3l, pieprz, \u0142y\u017cka posiekanej zielonej pietruszki. 1. Kalarepk\u0119 obra\u0107, pokroi\u0107 w \u00f3semki, marchew obra\u0107, umy\u0107 i pokroi\u0107 w talarki, cukinie pokroi\u0107 w s\u0142upki wielko\u015bci frytek. 2. Roztopi\u0107 mas\u0142o na du\u017cej patelni, wrzuci\u0107 na nie kalarepk\u0119 i marchew. Mieszaj\u0105c sma\u017cy\u0107, a\u017c zaczn\u0105 [&hellip;]<\/p>\n","protected":false},"author":2,"featured_media":0,"comment_status":"open","ping_status":"open","sticky":false,"template":"","format":"standard","meta":{"footnotes":""},"categories":[1],"tags":[],"_links":{"self":[{"href":"https:\/\/blog.polityka.pl\/adamczewski\/wp-json\/wp\/v2\/posts\/10230"}],"collection":[{"href":"https:\/\/blog.polityka.pl\/adamczewski\/wp-json\/wp\/v2\/posts"}],"about":[{"href":"https:\/\/blog.polityka.pl\/adamczewski\/wp-json\/wp\/v2\/types\/post"}],"author":[{"embeddable":true,"href":"https:\/\/blog.polityka.pl\/adamczewski\/wp-json\/wp\/v2\/users\/2"}],"replies":[{"embeddable":true,"href":"https:\/\/blog.polityka.pl\/adamczewski\/wp-json\/wp\/v2\/comments?post=10230"}],"version-history":[{"count":0,"href":"https:\/\/blog.polityka.pl\/adamczewski\/wp-json\/wp\/v2\/posts\/10230\/revisions"}],"wp:attachment":[{"href":"https:\/\/blog.polityka.pl\/adamczewski\/wp-json\/wp\/v2\/media?parent=10230"}],"wp:term":[{"taxonomy":"category","embeddable":true,"href":"https:\/\/blog.polityka.pl\/adamczewski\/wp-json\/wp\/v2\/categories?post=10230"},{"taxonomy":"post_tag","embeddable":true,"href":"https:\/\/blog.polityka.pl\/adamczewski\/wp-json\/wp\/v2\/tags?post=10230"}],"curies":[{"name":"wp","href":"https:\/\/api.w.org\/{rel}","templated":true}]}}