
{"id":10231,"date":"2009-05-04T04:45:59","date_gmt":"2009-05-04T03:45:59","guid":{"rendered":"http:\/\/adamczewscy.pl\/?p=2447"},"modified":"2009-05-04T04:45:59","modified_gmt":"2009-05-04T03:45:59","slug":"duszone-zeberka","status":"publish","type":"post","link":"https:\/\/blog.polityka.pl\/adamczewski\/2009\/05\/04\/duszone-zeberka\/","title":{"rendered":"Duszone \u017ceberka"},"content":{"rendered":"<p><em>Ok. 1 kg chudych, mi\u0119sistych wieprzowych \u017ceberek, s\u00f3l, p\u00f3\u0142 \u0142y\u017ceczki do kawy ziaren kminku, cebula, \u0142y\u017ceczka m\u0105ki, 2 \u0142y\u017cki oliwy.\u00a0<\/em><\/p>\n<p>1. \u017beberka umy\u0107, osuszy\u0107 papierowym kuchennym r\u0119cznikiem, podzieli\u0107 na kawa\u0142ki o 2-3 kostkach, usun\u0105\u0107, na ile to mo\u017cliwe, t\u0142uszcz. Posoli\u0107 i odstawi\u0107 na kilka godzin do lod\u00f3wki.<br \/>\n2. \u017beberka wyj\u0119te z lod\u00f3wki lekko posypa\u0107 kminkiem, opr\u00f3szy\u0107 m\u0105k\u0105.<br \/>\n3. Rozgrza\u0107 w rondlu oliw\u0119, obsma\u017cy\u0107 \u017ceberka z obu stron, podla\u0107 kilkoma \u0142y\u017ckami wody, doda\u0107 pokrojona na kilka cz\u0119\u015bci cebul\u0119 i dusi\u0107 \u017ceberka, a\u017c b\u0119d\u0105 zupe\u0142nie mi\u0119kkie, od czasu do czasu dolewaj\u0105c po odrobinie wody, aby mi\u0119so sie dusi\u0142o w sosie a nie przypieka\u0142o. Sosu powinno by\u0107 po uduszeniu mi\u0119sa do\u015b\u0107 sporo.<\/p>\n","protected":false},"excerpt":{"rendered":"<p>Ok. 1 kg chudych, mi\u0119sistych wieprzowych \u017ceberek, s\u00f3l, p\u00f3\u0142 \u0142y\u017ceczki do kawy ziaren kminku, cebula, \u0142y\u017ceczka m\u0105ki, 2 \u0142y\u017cki oliwy.\u00a0 1. \u017beberka umy\u0107, osuszy\u0107 papierowym kuchennym r\u0119cznikiem, podzieli\u0107 na kawa\u0142ki o 2-3 kostkach, usun\u0105\u0107, na ile to mo\u017cliwe, t\u0142uszcz. Posoli\u0107 i odstawi\u0107 na kilka godzin do lod\u00f3wki. 2. \u017beberka wyj\u0119te z lod\u00f3wki lekko posypa\u0107 kminkiem, [&hellip;]<\/p>\n","protected":false},"author":2,"featured_media":0,"comment_status":"open","ping_status":"open","sticky":false,"template":"","format":"standard","meta":{"footnotes":""},"categories":[1],"tags":[],"_links":{"self":[{"href":"https:\/\/blog.polityka.pl\/adamczewski\/wp-json\/wp\/v2\/posts\/10231"}],"collection":[{"href":"https:\/\/blog.polityka.pl\/adamczewski\/wp-json\/wp\/v2\/posts"}],"about":[{"href":"https:\/\/blog.polityka.pl\/adamczewski\/wp-json\/wp\/v2\/types\/post"}],"author":[{"embeddable":true,"href":"https:\/\/blog.polityka.pl\/adamczewski\/wp-json\/wp\/v2\/users\/2"}],"replies":[{"embeddable":true,"href":"https:\/\/blog.polityka.pl\/adamczewski\/wp-json\/wp\/v2\/comments?post=10231"}],"version-history":[{"count":0,"href":"https:\/\/blog.polityka.pl\/adamczewski\/wp-json\/wp\/v2\/posts\/10231\/revisions"}],"wp:attachment":[{"href":"https:\/\/blog.polityka.pl\/adamczewski\/wp-json\/wp\/v2\/media?parent=10231"}],"wp:term":[{"taxonomy":"category","embeddable":true,"href":"https:\/\/blog.polityka.pl\/adamczewski\/wp-json\/wp\/v2\/categories?post=10231"},{"taxonomy":"post_tag","embeddable":true,"href":"https:\/\/blog.polityka.pl\/adamczewski\/wp-json\/wp\/v2\/tags?post=10231"}],"curies":[{"name":"wp","href":"https:\/\/api.w.org\/{rel}","templated":true}]}}