
{"id":10233,"date":"2009-05-04T04:47:32","date_gmt":"2009-05-04T03:47:32","guid":{"rendered":"http:\/\/adamczewscy.pl\/?p=2449"},"modified":"2009-05-04T04:47:32","modified_gmt":"2009-05-04T03:47:32","slug":"ryba-morska-ze-skwarkami-i-ziemniakami","status":"publish","type":"post","link":"https:\/\/blog.polityka.pl\/adamczewski\/2009\/05\/04\/ryba-morska-ze-skwarkami-i-ziemniakami\/","title":{"rendered":"Ryba morska ze skwarkami i ziemniakami"},"content":{"rendered":"<p><em>75-80 dag filet\u00f3w ryby morskiej (dorsz, mintaj) bez sk\u00f3ry, 2 cebule, 6 \u015brednich ziemniak\u00f3w, 3 \u0142y\u017cki pokrojonego w kostk\u0119 surowego boczku, p\u00f3\u0142 szklanki \u015bmietanki 22-proc., s\u00f3l, pieprz, spora szczypta zi\u00f3\u0142 prowansalskich.\u00a0<\/em><\/p>\n<p>1. Boczek usma\u017cy\u0107 i wyj\u0105\u0107 skwarki.<br \/>\n2. Na drugiej patelni obsma\u017cy\u0107 na \u0142y\u017cce t\u0142uszczu z boczku pokrojon\u0105 na kawa\u0142ki ryb\u0119.<br \/>\n3. Ziemniaki obra\u0107, pokroi\u0107 w plasterki i obgotowa\u0107 10-15 minut we wrz\u0105cej wodzie. Odcedzi\u0107.<br \/>\n4. Na pozosta\u0142ym t\u0142uszczu na z\u0142oto podsma\u017cy\u0107 pokrojon\u0105 w drobn\u0105 kostk\u0119 cebul\u0119, doda\u0107 zio\u0142a prowansalskie.<br \/>\n5. Do rondla prze\u0142o\u017cy\u0107 ryb\u0119, ziemniaki, skwarki oraz usma\u017con\u0105 cebul\u0119 wraz z pozosta\u0142ym t\u0142uszczem.  Wla\u0107 \u015bmietank\u0119 i dusi\u0107 ryb\u0119 z ziemniakami co najmniej 15 minut.<\/p>\n","protected":false},"excerpt":{"rendered":"<p>75-80 dag filet\u00f3w ryby morskiej (dorsz, mintaj) bez sk\u00f3ry, 2 cebule, 6 \u015brednich ziemniak\u00f3w, 3 \u0142y\u017cki pokrojonego w kostk\u0119 surowego boczku, p\u00f3\u0142 szklanki \u015bmietanki 22-proc., s\u00f3l, pieprz, spora szczypta zi\u00f3\u0142 prowansalskich.\u00a0 1. Boczek usma\u017cy\u0107 i wyj\u0105\u0107 skwarki. 2. Na drugiej patelni obsma\u017cy\u0107 na \u0142y\u017cce t\u0142uszczu z boczku pokrojon\u0105 na kawa\u0142ki ryb\u0119. 3. Ziemniaki obra\u0107, pokroi\u0107 [&hellip;]<\/p>\n","protected":false},"author":2,"featured_media":0,"comment_status":"open","ping_status":"open","sticky":false,"template":"","format":"standard","meta":{"footnotes":""},"categories":[1],"tags":[],"_links":{"self":[{"href":"https:\/\/blog.polityka.pl\/adamczewski\/wp-json\/wp\/v2\/posts\/10233"}],"collection":[{"href":"https:\/\/blog.polityka.pl\/adamczewski\/wp-json\/wp\/v2\/posts"}],"about":[{"href":"https:\/\/blog.polityka.pl\/adamczewski\/wp-json\/wp\/v2\/types\/post"}],"author":[{"embeddable":true,"href":"https:\/\/blog.polityka.pl\/adamczewski\/wp-json\/wp\/v2\/users\/2"}],"replies":[{"embeddable":true,"href":"https:\/\/blog.polityka.pl\/adamczewski\/wp-json\/wp\/v2\/comments?post=10233"}],"version-history":[{"count":0,"href":"https:\/\/blog.polityka.pl\/adamczewski\/wp-json\/wp\/v2\/posts\/10233\/revisions"}],"wp:attachment":[{"href":"https:\/\/blog.polityka.pl\/adamczewski\/wp-json\/wp\/v2\/media?parent=10233"}],"wp:term":[{"taxonomy":"category","embeddable":true,"href":"https:\/\/blog.polityka.pl\/adamczewski\/wp-json\/wp\/v2\/categories?post=10233"},{"taxonomy":"post_tag","embeddable":true,"href":"https:\/\/blog.polityka.pl\/adamczewski\/wp-json\/wp\/v2\/tags?post=10233"}],"curies":[{"name":"wp","href":"https:\/\/api.w.org\/{rel}","templated":true}]}}