
{"id":10234,"date":"2009-05-04T04:52:38","date_gmt":"2009-05-04T03:52:38","guid":{"rendered":"http:\/\/adamczewscy.pl\/?p=2450"},"modified":"2009-05-04T04:52:38","modified_gmt":"2009-05-04T03:52:38","slug":"piegus","status":"publish","type":"post","link":"https:\/\/blog.polityka.pl\/adamczewski\/2009\/05\/04\/piegus\/","title":{"rendered":"Piegus"},"content":{"rendered":"<p><em>Szklanka m\u0105ki, p\u00f3\u0142torej \u0142y\u017ceczki proszku do pieczenia, szklanka cukru, szklanka maku, kostka mas\u0142a (25 dag), 5 bia\u0142ek, bakalie; do wysmarowania formy: \u0142y\u017cka mas\u0142a, do wysypania: \u0142y\u017cka tartej bu\u0142ki.\u00a0<\/em><\/p>\n<p>1. Mak wsypa\u0107 do garnka, zaparzy\u0107 wrz\u0105c\u0105 wod\u0105 i po chwili odcedzi\u0107  na sicie.<br \/>\n2. Utrze\u0107 odcedzony mak z cukrem i rozpuszczonym mas\u0142em, najlepiej przy pomocy miksera.<br \/>\n3. Do utartej masy doda\u0107 m\u0105k\u0119 i proszek do pieczenia, wymiesza\u0107.<br \/>\n4. Ubi\u0107 sztywn\u0105 pian\u0119 z bia\u0142ek, doda\u0107 ostro\u017cnie do ciasta wraz z bakaliami.<br \/>\n5. Foremk\u0119 keksow\u0105 wysmarowa\u0107 dok\u0142adnie mas\u0142em, wysypa\u0107 tart\u0105 bu\u0142k\u0105 i wla\u0107 do niej ciasto. Piec oko\u0142o 40 minut w temperaturze 180 st C.<\/p>\n<p>Piegusa mo\u017cna pola\u0107 rozpuszczon\u0105 w 2 \u0142y\u017ckach mleka czekolad\u0105 lub posypa\u0107 cukrem pudrem.<\/p>\n","protected":false},"excerpt":{"rendered":"<p>Szklanka m\u0105ki, p\u00f3\u0142torej \u0142y\u017ceczki proszku do pieczenia, szklanka cukru, szklanka maku, kostka mas\u0142a (25 dag), 5 bia\u0142ek, bakalie; do wysmarowania formy: \u0142y\u017cka mas\u0142a, do wysypania: \u0142y\u017cka tartej bu\u0142ki.\u00a0 1. Mak wsypa\u0107 do garnka, zaparzy\u0107 wrz\u0105c\u0105 wod\u0105 i po chwili odcedzi\u0107 na sicie. 2. Utrze\u0107 odcedzony mak z cukrem i rozpuszczonym mas\u0142em, najlepiej przy pomocy miksera. [&hellip;]<\/p>\n","protected":false},"author":2,"featured_media":0,"comment_status":"open","ping_status":"open","sticky":false,"template":"","format":"standard","meta":{"footnotes":""},"categories":[1],"tags":[],"_links":{"self":[{"href":"https:\/\/blog.polityka.pl\/adamczewski\/wp-json\/wp\/v2\/posts\/10234"}],"collection":[{"href":"https:\/\/blog.polityka.pl\/adamczewski\/wp-json\/wp\/v2\/posts"}],"about":[{"href":"https:\/\/blog.polityka.pl\/adamczewski\/wp-json\/wp\/v2\/types\/post"}],"author":[{"embeddable":true,"href":"https:\/\/blog.polityka.pl\/adamczewski\/wp-json\/wp\/v2\/users\/2"}],"replies":[{"embeddable":true,"href":"https:\/\/blog.polityka.pl\/adamczewski\/wp-json\/wp\/v2\/comments?post=10234"}],"version-history":[{"count":0,"href":"https:\/\/blog.polityka.pl\/adamczewski\/wp-json\/wp\/v2\/posts\/10234\/revisions"}],"wp:attachment":[{"href":"https:\/\/blog.polityka.pl\/adamczewski\/wp-json\/wp\/v2\/media?parent=10234"}],"wp:term":[{"taxonomy":"category","embeddable":true,"href":"https:\/\/blog.polityka.pl\/adamczewski\/wp-json\/wp\/v2\/categories?post=10234"},{"taxonomy":"post_tag","embeddable":true,"href":"https:\/\/blog.polityka.pl\/adamczewski\/wp-json\/wp\/v2\/tags?post=10234"}],"curies":[{"name":"wp","href":"https:\/\/api.w.org\/{rel}","templated":true}]}}