
{"id":10235,"date":"2009-05-04T04:53:37","date_gmt":"2009-05-04T03:53:37","guid":{"rendered":"http:\/\/adamczewscy.pl\/?p=2451"},"modified":"2009-05-04T04:53:37","modified_gmt":"2009-05-04T03:53:37","slug":"salata-nicejska","status":"publish","type":"post","link":"https:\/\/blog.polityka.pl\/adamczewski\/2009\/05\/04\/salata-nicejska\/","title":{"rendered":"Sa\u0142ata nicejska"},"content":{"rendered":"<p><em>G\u0142\u00f3wka kruchej sa\u0142aty lub endywii, 2 \u015brednie j\u0119drne pomidory, \u015bredni zielony og\u00f3rek, jedna czerwona papryka, 2 jaja na twardo, puszka tu\u0144czyka w sosie w\u0142asnym lub oleju, ew. 2 m\u0142ode ugotowane ziemniaki.<br \/>\nNa sos: 6 \u0142y\u017cek oleju z pestek winogron, 2 \u0142y\u017cki octu balsamicznego, \u0142y\u017ceczka miodu, s\u00f3l i pieprz, p\u00f3\u0142 \u0142y\u017ceczki musztardy, ew. szczypta zi\u00f3\u0142 prowansalskich.\u00a0<\/em><\/p>\n<p>1. Umyt\u0105 i osuszona sa\u0142at\u0119 u\u0142o\u017cy\u0107 w du\u017cej misce, doda\u0107 pokrojone na \u0107wiartki pomidory i jajka, talarki obranego ze sk\u00f3rki og\u00f3rka, pokrojon\u0105 w paski papryk\u0119, ewentualnie pokrojone w p\u00f3\u0142plasterki ziemniaki oraz os\u0105czonego z zalewy tu\u0144czyka.<br \/>\n2. Wszystkie sk\u0142adniki sosu dobrze wymiesza\u0107 umieszczaj\u0105c je w zakr\u0119conym s\u0142oiku typu twist.<br \/>\n3. Sosem pola\u0107 sa\u0142at\u0119 i tu\u017c przed podaniem lekko wymiesza\u0107.<\/p>\n<p>Ta pyszna sa\u0142ata jest prosta a jak\u017ce efektowna.<\/p>\n","protected":false},"excerpt":{"rendered":"<p>G\u0142\u00f3wka kruchej sa\u0142aty lub endywii, 2 \u015brednie j\u0119drne pomidory, \u015bredni zielony og\u00f3rek, jedna czerwona papryka, 2 jaja na twardo, puszka tu\u0144czyka w sosie w\u0142asnym lub oleju, ew. 2 m\u0142ode ugotowane ziemniaki. Na sos: 6 \u0142y\u017cek oleju z pestek winogron, 2 \u0142y\u017cki octu balsamicznego, \u0142y\u017ceczka miodu, s\u00f3l i pieprz, p\u00f3\u0142 \u0142y\u017ceczki musztardy, ew. szczypta zi\u00f3\u0142 prowansalskich.\u00a0 [&hellip;]<\/p>\n","protected":false},"author":2,"featured_media":0,"comment_status":"open","ping_status":"open","sticky":false,"template":"","format":"standard","meta":{"footnotes":""},"categories":[1],"tags":[],"_links":{"self":[{"href":"https:\/\/blog.polityka.pl\/adamczewski\/wp-json\/wp\/v2\/posts\/10235"}],"collection":[{"href":"https:\/\/blog.polityka.pl\/adamczewski\/wp-json\/wp\/v2\/posts"}],"about":[{"href":"https:\/\/blog.polityka.pl\/adamczewski\/wp-json\/wp\/v2\/types\/post"}],"author":[{"embeddable":true,"href":"https:\/\/blog.polityka.pl\/adamczewski\/wp-json\/wp\/v2\/users\/2"}],"replies":[{"embeddable":true,"href":"https:\/\/blog.polityka.pl\/adamczewski\/wp-json\/wp\/v2\/comments?post=10235"}],"version-history":[{"count":0,"href":"https:\/\/blog.polityka.pl\/adamczewski\/wp-json\/wp\/v2\/posts\/10235\/revisions"}],"wp:attachment":[{"href":"https:\/\/blog.polityka.pl\/adamczewski\/wp-json\/wp\/v2\/media?parent=10235"}],"wp:term":[{"taxonomy":"category","embeddable":true,"href":"https:\/\/blog.polityka.pl\/adamczewski\/wp-json\/wp\/v2\/categories?post=10235"},{"taxonomy":"post_tag","embeddable":true,"href":"https:\/\/blog.polityka.pl\/adamczewski\/wp-json\/wp\/v2\/tags?post=10235"}],"curies":[{"name":"wp","href":"https:\/\/api.w.org\/{rel}","templated":true}]}}