
{"id":10236,"date":"2009-05-11T05:48:30","date_gmt":"2009-05-11T04:48:30","guid":{"rendered":"http:\/\/adamczewscy.pl\/?p=2454"},"modified":"2009-05-11T05:48:30","modified_gmt":"2009-05-11T04:48:30","slug":"ciasto-z-truskawkami","status":"publish","type":"post","link":"https:\/\/blog.polityka.pl\/adamczewski\/2009\/05\/11\/ciasto-z-truskawkami\/","title":{"rendered":"Ciasto z truskawkami"},"content":{"rendered":"<p><em>Na ciasto: p\u00f3\u0142 kg m\u0105ki, 30 dag mas\u0142a, 3 \u017c\u00f3\u0142tka, 4 \u0142y\u017cki cukru.<br \/>\nNa krem: kostka mas\u0142a lub mas\u0142a ro\u015blinnego, 3 \u017c\u00f3\u0142tka, szklanka cukru-pudru. Pozbawione szypu\u0142ek truskawki (oko\u0142o p\u00f3l kilograma). <\/em><\/p>\n<p>1. Przesieka\u0107 wszystkie sk\u0142adniki ciasta no\u017cem, po czym do\u015b\u0107 szybko zagnie\u015b\u0107 d\u0142oni\u0105 kruche ciasto. Uformowane w kul\u0119 od\u0142o\u017cy\u0107 do lod\u00f3wki na p\u00f3\u0142 godziny. Po tym czasie rozwa\u0142kowa\u0107 a wy\u0142o\u017conej papierem do wypiek\u00f3w blaszce wielko\u015bci piekarnika. Upiec na jasnoz\u0142oto.<br \/>\n2. Utrze\u0107 mas\u0142o do konsystencji \u015bmietany i ucieraj\u0105c dodawa\u0107 po kolei \u017c\u00f3\u0142tka i cukier puder.<br \/>\n3. Roz\u0142o\u017cy\u0107 warstewk\u0119 kremu na ostudzonym cie\u015bcie, na nim pouk\u0142ada\u0107 rz\u0119dami truskawki: wi\u0119ksze warto przekroi\u0107 na p\u00f3\u0142.<br \/>\n4. Pokroi\u0107 ciasto na porcje wielko\u015bci pude\u0142ka zapa\u0142ek. <\/p>\n","protected":false},"excerpt":{"rendered":"<p>Na ciasto: p\u00f3\u0142 kg m\u0105ki, 30 dag mas\u0142a, 3 \u017c\u00f3\u0142tka, 4 \u0142y\u017cki cukru. Na krem: kostka mas\u0142a lub mas\u0142a ro\u015blinnego, 3 \u017c\u00f3\u0142tka, szklanka cukru-pudru. Pozbawione szypu\u0142ek truskawki (oko\u0142o p\u00f3l kilograma). 1. Przesieka\u0107 wszystkie sk\u0142adniki ciasta no\u017cem, po czym do\u015b\u0107 szybko zagnie\u015b\u0107 d\u0142oni\u0105 kruche ciasto. Uformowane w kul\u0119 od\u0142o\u017cy\u0107 do lod\u00f3wki na p\u00f3\u0142 godziny. Po tym [&hellip;]<\/p>\n","protected":false},"author":2,"featured_media":0,"comment_status":"open","ping_status":"open","sticky":false,"template":"","format":"standard","meta":{"footnotes":""},"categories":[1],"tags":[],"_links":{"self":[{"href":"https:\/\/blog.polityka.pl\/adamczewski\/wp-json\/wp\/v2\/posts\/10236"}],"collection":[{"href":"https:\/\/blog.polityka.pl\/adamczewski\/wp-json\/wp\/v2\/posts"}],"about":[{"href":"https:\/\/blog.polityka.pl\/adamczewski\/wp-json\/wp\/v2\/types\/post"}],"author":[{"embeddable":true,"href":"https:\/\/blog.polityka.pl\/adamczewski\/wp-json\/wp\/v2\/users\/2"}],"replies":[{"embeddable":true,"href":"https:\/\/blog.polityka.pl\/adamczewski\/wp-json\/wp\/v2\/comments?post=10236"}],"version-history":[{"count":0,"href":"https:\/\/blog.polityka.pl\/adamczewski\/wp-json\/wp\/v2\/posts\/10236\/revisions"}],"wp:attachment":[{"href":"https:\/\/blog.polityka.pl\/adamczewski\/wp-json\/wp\/v2\/media?parent=10236"}],"wp:term":[{"taxonomy":"category","embeddable":true,"href":"https:\/\/blog.polityka.pl\/adamczewski\/wp-json\/wp\/v2\/categories?post=10236"},{"taxonomy":"post_tag","embeddable":true,"href":"https:\/\/blog.polityka.pl\/adamczewski\/wp-json\/wp\/v2\/tags?post=10236"}],"curies":[{"name":"wp","href":"https:\/\/api.w.org\/{rel}","templated":true}]}}