
{"id":10237,"date":"2009-05-11T05:49:02","date_gmt":"2009-05-11T04:49:02","guid":{"rendered":"http:\/\/adamczewscy.pl\/?p=2455"},"modified":"2009-05-11T05:49:02","modified_gmt":"2009-05-11T04:49:02","slug":"mloda-marchew-na-ostro","status":"publish","type":"post","link":"https:\/\/blog.polityka.pl\/adamczewski\/2009\/05\/11\/mloda-marchew-na-ostro\/","title":{"rendered":"M\u0142oda marchew na ostro"},"content":{"rendered":"<p><em>2 p\u0119czki m\u0142odej marchwi (ok. p\u00f3\u0142 kg), 2 \u0142y\u017cki mas\u0142a, s\u00f3l, cukier, spora szczypta mielonej ostrej papryki lub p\u00f3\u0142 str\u0105czka \u015bwie\u017cej.\u00a0<\/em><\/p>\n<p>1. M\u0142od\u0105 marchew oskroba\u0107 lub cienko obra\u0107, podzieli\u0107 ka\u017cd\u0105 na p\u00f3\u0142.<br \/>\n2. W garnuszku rozpu\u015bci\u0107 mas\u0142o, doda\u0107 marchew i ostr\u0105 papryk\u0119 i dusi\u0107 mieszaj\u0105c. W trakcie duszenia doprawi\u0107 sol\u0105 i cukrem.<br \/>\nTak samo mo\u017cemy przygotowywa\u0107 r\u00f3wnie\u017c star\u0105 marchew, kt\u00f3r\u0105 kroi\u0107 nale\u017cy w niedu\u017ce, 2 centymetrowe kawa\u0142ki i oczywi\u015bcie nieco d\u0142u\u017cej dusi\u0107.<\/p>\n","protected":false},"excerpt":{"rendered":"<p>2 p\u0119czki m\u0142odej marchwi (ok. p\u00f3\u0142 kg), 2 \u0142y\u017cki mas\u0142a, s\u00f3l, cukier, spora szczypta mielonej ostrej papryki lub p\u00f3\u0142 str\u0105czka \u015bwie\u017cej.\u00a0 1. M\u0142od\u0105 marchew oskroba\u0107 lub cienko obra\u0107, podzieli\u0107 ka\u017cd\u0105 na p\u00f3\u0142. 2. W garnuszku rozpu\u015bci\u0107 mas\u0142o, doda\u0107 marchew i ostr\u0105 papryk\u0119 i dusi\u0107 mieszaj\u0105c. W trakcie duszenia doprawi\u0107 sol\u0105 i cukrem. Tak samo mo\u017cemy [&hellip;]<\/p>\n","protected":false},"author":2,"featured_media":0,"comment_status":"open","ping_status":"open","sticky":false,"template":"","format":"standard","meta":{"footnotes":""},"categories":[1],"tags":[],"_links":{"self":[{"href":"https:\/\/blog.polityka.pl\/adamczewski\/wp-json\/wp\/v2\/posts\/10237"}],"collection":[{"href":"https:\/\/blog.polityka.pl\/adamczewski\/wp-json\/wp\/v2\/posts"}],"about":[{"href":"https:\/\/blog.polityka.pl\/adamczewski\/wp-json\/wp\/v2\/types\/post"}],"author":[{"embeddable":true,"href":"https:\/\/blog.polityka.pl\/adamczewski\/wp-json\/wp\/v2\/users\/2"}],"replies":[{"embeddable":true,"href":"https:\/\/blog.polityka.pl\/adamczewski\/wp-json\/wp\/v2\/comments?post=10237"}],"version-history":[{"count":0,"href":"https:\/\/blog.polityka.pl\/adamczewski\/wp-json\/wp\/v2\/posts\/10237\/revisions"}],"wp:attachment":[{"href":"https:\/\/blog.polityka.pl\/adamczewski\/wp-json\/wp\/v2\/media?parent=10237"}],"wp:term":[{"taxonomy":"category","embeddable":true,"href":"https:\/\/blog.polityka.pl\/adamczewski\/wp-json\/wp\/v2\/categories?post=10237"},{"taxonomy":"post_tag","embeddable":true,"href":"https:\/\/blog.polityka.pl\/adamczewski\/wp-json\/wp\/v2\/tags?post=10237"}],"curies":[{"name":"wp","href":"https:\/\/api.w.org\/{rel}","templated":true}]}}