
{"id":10238,"date":"2009-05-11T05:49:45","date_gmt":"2009-05-11T04:49:45","guid":{"rendered":"http:\/\/adamczewscy.pl\/?p=2456"},"modified":"2009-05-11T05:49:45","modified_gmt":"2009-05-11T04:49:45","slug":"rukola-na-pierwsze-danie","status":"publish","type":"post","link":"https:\/\/blog.polityka.pl\/adamczewski\/2009\/05\/11\/rukola-na-pierwsze-danie\/","title":{"rendered":"Rukola na pierwsze danie"},"content":{"rendered":"<p><em>2 kr\u0105\u017cki sera camembert, 2 \u0142y\u017cki tartej bu\u0142ki, jajko, 4 \u0142y\u017cki oliwy z oliwek, p\u00f3\u0142 opakowania rukoli, \u0142y\u017cka rodzynek lub orzeszk\u00f3w piniowych, 4 po\u0142\u00f3wki brzoskwi\u0144 z puszki, sos winegret (2 \u0142y\u017cki octu balsamicznego, 5 \u0142y\u017cek oleju z pestek winogron, p\u00f3\u0142 \u0142y\u017ceczki miodu, z\u0105bek czosnku, szczypta soli pieprzu, p\u00f3\u0142 \u0142y\u017ceczki musztardy).\u00a0<\/em><\/p>\n<p>1. Przygotowa\u0107 sos winegret: wszystkie sk\u0142adniki umie\u015bci\u0107 w zakr\u0119canym s\u0142oiku i dobrze wyfiksowa\u0107 potrz\u0105saj\u0105c.<br \/>\n2. U\u0142o\u017cy\u0107 rukol\u0119 na czterech talerzykach, posypa\u0107 rodzynkami lub podpieczonymi na suchej patelni orzeszkami piniowymi oraz pokrojonymi w kostk\u0119 brzoskwiniami. Pola\u0107 sosem winegret<br \/>\n3. Na patelni rozgrza\u0107 oliw\u0119 z oliwek, kr\u0105\u017cki camemberta poprzekrawa\u0107 poziomo na po\u0142owy, panierowa\u0107 w rozbitym jajku i tartej bu\u0142ce, sma\u017cy\u0107 na rumiano z obu stron. Usma\u017cony ser uk\u0142ada\u0107 na porcjach rukoli.<\/p>\n","protected":false},"excerpt":{"rendered":"<p>2 kr\u0105\u017cki sera camembert, 2 \u0142y\u017cki tartej bu\u0142ki, jajko, 4 \u0142y\u017cki oliwy z oliwek, p\u00f3\u0142 opakowania rukoli, \u0142y\u017cka rodzynek lub orzeszk\u00f3w piniowych, 4 po\u0142\u00f3wki brzoskwi\u0144 z puszki, sos winegret (2 \u0142y\u017cki octu balsamicznego, 5 \u0142y\u017cek oleju z pestek winogron, p\u00f3\u0142 \u0142y\u017ceczki miodu, z\u0105bek czosnku, szczypta soli pieprzu, p\u00f3\u0142 \u0142y\u017ceczki musztardy).\u00a0 1. Przygotowa\u0107 sos winegret: wszystkie [&hellip;]<\/p>\n","protected":false},"author":2,"featured_media":0,"comment_status":"open","ping_status":"open","sticky":false,"template":"","format":"standard","meta":{"footnotes":""},"categories":[1],"tags":[],"_links":{"self":[{"href":"https:\/\/blog.polityka.pl\/adamczewski\/wp-json\/wp\/v2\/posts\/10238"}],"collection":[{"href":"https:\/\/blog.polityka.pl\/adamczewski\/wp-json\/wp\/v2\/posts"}],"about":[{"href":"https:\/\/blog.polityka.pl\/adamczewski\/wp-json\/wp\/v2\/types\/post"}],"author":[{"embeddable":true,"href":"https:\/\/blog.polityka.pl\/adamczewski\/wp-json\/wp\/v2\/users\/2"}],"replies":[{"embeddable":true,"href":"https:\/\/blog.polityka.pl\/adamczewski\/wp-json\/wp\/v2\/comments?post=10238"}],"version-history":[{"count":0,"href":"https:\/\/blog.polityka.pl\/adamczewski\/wp-json\/wp\/v2\/posts\/10238\/revisions"}],"wp:attachment":[{"href":"https:\/\/blog.polityka.pl\/adamczewski\/wp-json\/wp\/v2\/media?parent=10238"}],"wp:term":[{"taxonomy":"category","embeddable":true,"href":"https:\/\/blog.polityka.pl\/adamczewski\/wp-json\/wp\/v2\/categories?post=10238"},{"taxonomy":"post_tag","embeddable":true,"href":"https:\/\/blog.polityka.pl\/adamczewski\/wp-json\/wp\/v2\/tags?post=10238"}],"curies":[{"name":"wp","href":"https:\/\/api.w.org\/{rel}","templated":true}]}}