
{"id":10239,"date":"2009-05-11T05:50:30","date_gmt":"2009-05-11T04:50:30","guid":{"rendered":"http:\/\/adamczewscy.pl\/?p=2457"},"modified":"2009-05-11T05:50:30","modified_gmt":"2009-05-11T04:50:30","slug":"szpinak-na-drugie-danie","status":"publish","type":"post","link":"https:\/\/blog.polityka.pl\/adamczewski\/2009\/05\/11\/szpinak-na-drugie-danie\/","title":{"rendered":"Szpinak na drugie danie"},"content":{"rendered":"<p><em>1 kg szpinaku (mo\u017cna kupi\u0107 3 paczki tzw. szpinaku baby, kt\u00f3ry jest ju\u017c oczyszczony, pozbawiony grubych \u0142ody\u017cek), 2-3 jaja, p\u00f3\u0142 szklanki mleka, \u0142y\u017ceczka mas\u0142a, s\u00f3l, spora szczypta startej ga\u0142ki muszkato\u0142owej.\u00a0<\/em><\/p>\n<p>1. Szpinak oczy\u015bci\u0107 i umy\u0107 lub tylko starannie umy\u0107. Wrzuci\u0107 do garnka, wla\u0107 p\u00f3\u0142 szklanki wody i poddusi\u0107 oko\u0142o 15 minut, mieszaj\u0105c. Woda powinna odparowa\u0107.<br \/>\n2. Do podduszonego szpinaku dola\u0107 mleko z rozbitymi w nim jajkami oraz mas\u0142o. Mieszaj\u0105c gotowa\u0107 a\u017c do lekkiego zg\u0119stnienia i odparowania p\u0142ynu. Doda\u0107 s\u00f3l i start\u0105 ga\u0142k\u0119 muszkato\u0142ow\u0105 do smaku.<\/p>\n<p>Danie mo\u017cna poda\u0107 z dodatkiem ziemniak\u00f3w z wody lub bez dodatk\u00f3w.<br \/>\nJako przypraw\u0119 mo\u017cna tak\u017ce zastosowa\u0107 z\u0105bek czosnku.<\/p>\n","protected":false},"excerpt":{"rendered":"<p>1 kg szpinaku (mo\u017cna kupi\u0107 3 paczki tzw. szpinaku baby, kt\u00f3ry jest ju\u017c oczyszczony, pozbawiony grubych \u0142ody\u017cek), 2-3 jaja, p\u00f3\u0142 szklanki mleka, \u0142y\u017ceczka mas\u0142a, s\u00f3l, spora szczypta startej ga\u0142ki muszkato\u0142owej.\u00a0 1. Szpinak oczy\u015bci\u0107 i umy\u0107 lub tylko starannie umy\u0107. Wrzuci\u0107 do garnka, wla\u0107 p\u00f3\u0142 szklanki wody i poddusi\u0107 oko\u0142o 15 minut, mieszaj\u0105c. Woda powinna odparowa\u0107. [&hellip;]<\/p>\n","protected":false},"author":2,"featured_media":0,"comment_status":"open","ping_status":"open","sticky":false,"template":"","format":"standard","meta":{"footnotes":""},"categories":[1],"tags":[],"_links":{"self":[{"href":"https:\/\/blog.polityka.pl\/adamczewski\/wp-json\/wp\/v2\/posts\/10239"}],"collection":[{"href":"https:\/\/blog.polityka.pl\/adamczewski\/wp-json\/wp\/v2\/posts"}],"about":[{"href":"https:\/\/blog.polityka.pl\/adamczewski\/wp-json\/wp\/v2\/types\/post"}],"author":[{"embeddable":true,"href":"https:\/\/blog.polityka.pl\/adamczewski\/wp-json\/wp\/v2\/users\/2"}],"replies":[{"embeddable":true,"href":"https:\/\/blog.polityka.pl\/adamczewski\/wp-json\/wp\/v2\/comments?post=10239"}],"version-history":[{"count":0,"href":"https:\/\/blog.polityka.pl\/adamczewski\/wp-json\/wp\/v2\/posts\/10239\/revisions"}],"wp:attachment":[{"href":"https:\/\/blog.polityka.pl\/adamczewski\/wp-json\/wp\/v2\/media?parent=10239"}],"wp:term":[{"taxonomy":"category","embeddable":true,"href":"https:\/\/blog.polityka.pl\/adamczewski\/wp-json\/wp\/v2\/categories?post=10239"},{"taxonomy":"post_tag","embeddable":true,"href":"https:\/\/blog.polityka.pl\/adamczewski\/wp-json\/wp\/v2\/tags?post=10239"}],"curies":[{"name":"wp","href":"https:\/\/api.w.org\/{rel}","templated":true}]}}