
{"id":10240,"date":"2009-05-11T05:51:12","date_gmt":"2009-05-11T04:51:12","guid":{"rendered":"http:\/\/adamczewscy.pl\/?p=2458"},"modified":"2009-05-11T05:51:12","modified_gmt":"2009-05-11T04:51:12","slug":"wiosenna-salatka-w-paski","status":"publish","type":"post","link":"https:\/\/blog.polityka.pl\/adamczewski\/2009\/05\/11\/wiosenna-salatka-w-paski\/","title":{"rendered":"Wiosenna sa\u0142atka w paski"},"content":{"rendered":"<p><em>P\u00f3\u0142 kalafiora, 2 \u015brednie j\u0119drne pomidory, p\u0119czek rzodkiewek, 2 zielone kr\u00f3tkie og\u00f3rki, 2 dymki, 4 \u0142y\u017cki majonezu ?light?, 3 jaja na twardo, s\u00f3l, pieprz.\u00a0<\/em><\/p>\n<p>1. Kalafiora podzieli\u0107 na ma\u0142e r\u00f3\u017cyczki i obgotowa\u0107 w osolonej i os\u0142odzonej wodzie na p\u00f3\u0142mi\u0119kko. Os\u0105czy\u0107 i ostudzi\u0107.<br \/>\n2. Pomidory pokroi\u0107 w kostk\u0119.<br \/>\n3. Rzodkiewki pokroi\u0107 w plasterki.<br \/>\n4. Og\u00f3rki obra\u0107 ze sk\u00f3rki i pokroi\u0107 w kostk\u0119.<br \/>\n5. Dymki wraz ze szczypiorkiem posieka\u0107.<br \/>\n6. Jaja na twardo obra\u0107 i niezbyt drobno pokroi\u0107 w kostk\u0119.<br \/>\n7. W szklanym wysokim naczyniu uk\u0142ada\u0107 warstwami poszczeg\u00f3lne sk\u0142adniki sa\u0142atki, ka\u017cd\u0105 warstw\u0119 posypywa\u0107 lekko pieprzem i sol\u0105, co drug\u0105 warstw\u0119 lekko smarowa\u0107 odrobina majonezu. Ostatni\u0105 warstw\u0119 sa\u0142atki pola\u0107 reszt\u0105 majonezu.<\/p>\n","protected":false},"excerpt":{"rendered":"<p>P\u00f3\u0142 kalafiora, 2 \u015brednie j\u0119drne pomidory, p\u0119czek rzodkiewek, 2 zielone kr\u00f3tkie og\u00f3rki, 2 dymki, 4 \u0142y\u017cki majonezu ?light?, 3 jaja na twardo, s\u00f3l, pieprz.\u00a0 1. Kalafiora podzieli\u0107 na ma\u0142e r\u00f3\u017cyczki i obgotowa\u0107 w osolonej i os\u0142odzonej wodzie na p\u00f3\u0142mi\u0119kko. Os\u0105czy\u0107 i ostudzi\u0107. 2. Pomidory pokroi\u0107 w kostk\u0119. 3. Rzodkiewki pokroi\u0107 w plasterki. 4. Og\u00f3rki obra\u0107 [&hellip;]<\/p>\n","protected":false},"author":2,"featured_media":0,"comment_status":"open","ping_status":"open","sticky":false,"template":"","format":"standard","meta":{"footnotes":""},"categories":[1],"tags":[],"_links":{"self":[{"href":"https:\/\/blog.polityka.pl\/adamczewski\/wp-json\/wp\/v2\/posts\/10240"}],"collection":[{"href":"https:\/\/blog.polityka.pl\/adamczewski\/wp-json\/wp\/v2\/posts"}],"about":[{"href":"https:\/\/blog.polityka.pl\/adamczewski\/wp-json\/wp\/v2\/types\/post"}],"author":[{"embeddable":true,"href":"https:\/\/blog.polityka.pl\/adamczewski\/wp-json\/wp\/v2\/users\/2"}],"replies":[{"embeddable":true,"href":"https:\/\/blog.polityka.pl\/adamczewski\/wp-json\/wp\/v2\/comments?post=10240"}],"version-history":[{"count":0,"href":"https:\/\/blog.polityka.pl\/adamczewski\/wp-json\/wp\/v2\/posts\/10240\/revisions"}],"wp:attachment":[{"href":"https:\/\/blog.polityka.pl\/adamczewski\/wp-json\/wp\/v2\/media?parent=10240"}],"wp:term":[{"taxonomy":"category","embeddable":true,"href":"https:\/\/blog.polityka.pl\/adamczewski\/wp-json\/wp\/v2\/categories?post=10240"},{"taxonomy":"post_tag","embeddable":true,"href":"https:\/\/blog.polityka.pl\/adamczewski\/wp-json\/wp\/v2\/tags?post=10240"}],"curies":[{"name":"wp","href":"https:\/\/api.w.org\/{rel}","templated":true}]}}