
{"id":10241,"date":"2009-05-11T05:52:00","date_gmt":"2009-05-11T04:52:00","guid":{"rendered":"http:\/\/adamczewscy.pl\/?p=2459"},"modified":"2009-05-11T05:52:00","modified_gmt":"2009-05-11T04:52:00","slug":"zapiekane-niedzielne-kielbaski","status":"publish","type":"post","link":"https:\/\/blog.polityka.pl\/adamczewski\/2009\/05\/11\/zapiekane-niedzielne-kielbaski\/","title":{"rendered":"Zapiekane niedzielne kie\u0142baski"},"content":{"rendered":"<p><em>1 kg ma\u0142ych pomidor\u00f3w koktajlowych lub \u015brednich, pokrojonych na \u0107wiartki, 2 li\u015bcie laurowe, p\u00f3\u0142 \u0142y\u017ceczki pokrojonych listk\u00f3w (?igie\u0142ek?) rozmarynu, p\u00f3\u0142 \u0142y\u017ceczki posiekanych listk\u00f3w \u015bwie\u017cego tymianku, 2 z\u0105bki czosnku, \u0142y\u017cka octu balsamicznego, 3 \u0142y\u017cki oliwy z oliwek, s\u00f3l, pieprz. Oko\u0142o 1 kg cienkich kie\u0142basek na przyk\u0142ad frankfurterek.\u00a0<\/em><\/p>\n<p>1. Nagrza\u0107 piekarnik do temperatury 180st C.<br \/>\n2. W szerokim naczyniu \u017caroodpornym roz\u0142o\u017cy\u0107 warstw\u0119 pomidork\u00f3w lub pokrojonych wi\u0119kszych pomidor\u00f3w posypa\u0107 przygotowanymi zio\u0142ami, skropi\u0107 octem balsamicznym i oliw\u0105, posypa\u0107 posiekanym lub przeci\u015bni\u0119tym przez prask\u0119 czosnkiem, sol\u0105 i pieprzem. Na pomidorach u\u0142o\u017cy\u0107 kie\u0142baski.<br \/>\n3. Piec potraw\u0119 30 minut, po czym odwr\u00f3ci\u0107 kie\u0142baski i piec dalsze 15 minut.<br \/>\nPodawa\u0107 z ry\u017cem lub \u015bwie\u017cym pieczywem.<\/p>\n","protected":false},"excerpt":{"rendered":"<p>1 kg ma\u0142ych pomidor\u00f3w koktajlowych lub \u015brednich, pokrojonych na \u0107wiartki, 2 li\u015bcie laurowe, p\u00f3\u0142 \u0142y\u017ceczki pokrojonych listk\u00f3w (?igie\u0142ek?) rozmarynu, p\u00f3\u0142 \u0142y\u017ceczki posiekanych listk\u00f3w \u015bwie\u017cego tymianku, 2 z\u0105bki czosnku, \u0142y\u017cka octu balsamicznego, 3 \u0142y\u017cki oliwy z oliwek, s\u00f3l, pieprz. Oko\u0142o 1 kg cienkich kie\u0142basek na przyk\u0142ad frankfurterek.\u00a0 1. Nagrza\u0107 piekarnik do temperatury 180st C. 2. W [&hellip;]<\/p>\n","protected":false},"author":2,"featured_media":0,"comment_status":"open","ping_status":"open","sticky":false,"template":"","format":"standard","meta":{"footnotes":""},"categories":[1],"tags":[],"_links":{"self":[{"href":"https:\/\/blog.polityka.pl\/adamczewski\/wp-json\/wp\/v2\/posts\/10241"}],"collection":[{"href":"https:\/\/blog.polityka.pl\/adamczewski\/wp-json\/wp\/v2\/posts"}],"about":[{"href":"https:\/\/blog.polityka.pl\/adamczewski\/wp-json\/wp\/v2\/types\/post"}],"author":[{"embeddable":true,"href":"https:\/\/blog.polityka.pl\/adamczewski\/wp-json\/wp\/v2\/users\/2"}],"replies":[{"embeddable":true,"href":"https:\/\/blog.polityka.pl\/adamczewski\/wp-json\/wp\/v2\/comments?post=10241"}],"version-history":[{"count":0,"href":"https:\/\/blog.polityka.pl\/adamczewski\/wp-json\/wp\/v2\/posts\/10241\/revisions"}],"wp:attachment":[{"href":"https:\/\/blog.polityka.pl\/adamczewski\/wp-json\/wp\/v2\/media?parent=10241"}],"wp:term":[{"taxonomy":"category","embeddable":true,"href":"https:\/\/blog.polityka.pl\/adamczewski\/wp-json\/wp\/v2\/categories?post=10241"},{"taxonomy":"post_tag","embeddable":true,"href":"https:\/\/blog.polityka.pl\/adamczewski\/wp-json\/wp\/v2\/tags?post=10241"}],"curies":[{"name":"wp","href":"https:\/\/api.w.org\/{rel}","templated":true}]}}