
{"id":10243,"date":"2009-05-17T18:54:51","date_gmt":"2009-05-17T17:54:51","guid":{"rendered":"http:\/\/adamczewscy.pl\/?p=2462"},"modified":"2009-05-17T18:54:51","modified_gmt":"2009-05-17T17:54:51","slug":"salata-z-paskami-marchwi-i-winegretem","status":"publish","type":"post","link":"https:\/\/blog.polityka.pl\/adamczewski\/2009\/05\/17\/salata-z-paskami-marchwi-i-winegretem\/","title":{"rendered":"Sa\u0142ata z paskami marchwi i winegretem"},"content":{"rendered":"<p><em>Sa\u0142ata lodowa lub zwyk\u0142a, mas\u0142owa, 2 marchwie. Na sos: 6 \u0142y\u017cek oleju z pestek winogron, 2 \u0142y\u017cki octu balsamicznego, p\u00f3\u0142 \u0142y\u017ceczki musztardy, p\u00f3\u0142 \u0142y\u017ceczki miodu, s\u00f3l, pieprz, z\u0105bek czosnku.\u00a0<\/em><\/p>\n<p>1. Wszystkie sk\u0142adniki czosnku umie\u015bci\u0107 w s\u0142oiku z zakr\u0119tk\u0105 typu twist i dok\u0142adnie wymiesza\u0107 potrz\u0105saj\u0105c..<br \/>\n2. Sa\u0142at\u0119 podzieli\u0107 na listki i umy\u0107, po czym osuszy\u0107, najlepiej w suszarce do sa\u0142aty lub w du\u017cym plastikowym worku, kt\u00f3remu obci\u0105\u0107 ro\u017cki, tak, aby zosta\u0142y 2-3 milimetrowe otworki (potrz\u0105saj\u0105c workiem powodujemy, \u017ce przez otworki wycieka nadmiar wody). Prze\u0142o\u017cy\u0107 sa\u0142at\u0119 do du\u017cej miski.<br \/>\n3. Marchew obra\u0107 i przy pomocy no\u017cyka do obierania warzyw lub \u0142opatki do ser\u00f3w pokroi\u0107 d\u0142ugie cienkie paski. Paski marchwi doda\u0107 do sa\u0142aty.<br \/>\n4. Przed samym podaniem pola\u0107 sa\u0142at\u0119 winegretem i wymiesza\u0107.<\/p>\n","protected":false},"excerpt":{"rendered":"<p>Sa\u0142ata lodowa lub zwyk\u0142a, mas\u0142owa, 2 marchwie. Na sos: 6 \u0142y\u017cek oleju z pestek winogron, 2 \u0142y\u017cki octu balsamicznego, p\u00f3\u0142 \u0142y\u017ceczki musztardy, p\u00f3\u0142 \u0142y\u017ceczki miodu, s\u00f3l, pieprz, z\u0105bek czosnku.\u00a0 1. Wszystkie sk\u0142adniki czosnku umie\u015bci\u0107 w s\u0142oiku z zakr\u0119tk\u0105 typu twist i dok\u0142adnie wymiesza\u0107 potrz\u0105saj\u0105c.. 2. Sa\u0142at\u0119 podzieli\u0107 na listki i umy\u0107, po czym osuszy\u0107, najlepiej [&hellip;]<\/p>\n","protected":false},"author":2,"featured_media":0,"comment_status":"open","ping_status":"open","sticky":false,"template":"","format":"standard","meta":{"footnotes":""},"categories":[1],"tags":[],"_links":{"self":[{"href":"https:\/\/blog.polityka.pl\/adamczewski\/wp-json\/wp\/v2\/posts\/10243"}],"collection":[{"href":"https:\/\/blog.polityka.pl\/adamczewski\/wp-json\/wp\/v2\/posts"}],"about":[{"href":"https:\/\/blog.polityka.pl\/adamczewski\/wp-json\/wp\/v2\/types\/post"}],"author":[{"embeddable":true,"href":"https:\/\/blog.polityka.pl\/adamczewski\/wp-json\/wp\/v2\/users\/2"}],"replies":[{"embeddable":true,"href":"https:\/\/blog.polityka.pl\/adamczewski\/wp-json\/wp\/v2\/comments?post=10243"}],"version-history":[{"count":0,"href":"https:\/\/blog.polityka.pl\/adamczewski\/wp-json\/wp\/v2\/posts\/10243\/revisions"}],"wp:attachment":[{"href":"https:\/\/blog.polityka.pl\/adamczewski\/wp-json\/wp\/v2\/media?parent=10243"}],"wp:term":[{"taxonomy":"category","embeddable":true,"href":"https:\/\/blog.polityka.pl\/adamczewski\/wp-json\/wp\/v2\/categories?post=10243"},{"taxonomy":"post_tag","embeddable":true,"href":"https:\/\/blog.polityka.pl\/adamczewski\/wp-json\/wp\/v2\/tags?post=10243"}],"curies":[{"name":"wp","href":"https:\/\/api.w.org\/{rel}","templated":true}]}}