
{"id":10244,"date":"2009-05-17T18:56:31","date_gmt":"2009-05-17T17:56:31","guid":{"rendered":"http:\/\/adamczewscy.pl\/?p=2463"},"modified":"2009-05-17T18:56:31","modified_gmt":"2009-05-17T17:56:31","slug":"makaronowy-omlet","status":"publish","type":"post","link":"https:\/\/blog.polityka.pl\/adamczewski\/2009\/05\/17\/makaronowy-omlet\/","title":{"rendered":"Makaronowy omlet"},"content":{"rendered":"<p><em>P\u00f3\u0142 paczki (25 dag) najcie\u0144szego makaronu (roso\u0142owego), 4 jaja, 2 p\u0142askie \u0142y\u017cki m\u0105ki, szklanka mleka, s\u00f3l, pieprz, 2 \u0142y\u017cki siekanej zielonej pietruszki lub szczypiorku, szklanka pokrojonej w kostk\u0119 w\u0119dliny: szynki, kie\u0142basy, par\u00f3wek, \u0142y\u017cka mas\u0142a.\u00a0<\/em><\/p>\n<p>1. Makaron ugotowa\u0107 i odcedzi\u0107.<br \/>\n2. Wymiesza\u0107 jaja, m\u0105k\u0119 i mleko, doda\u0107 s\u00f3l, pieprz i zielon\u0105 pietruszk\u0119, na koniec makaron, wymiesza\u0107.<br \/>\n3. Na patelni rozgrza\u0107 p\u00f3\u0142 \u0142y\u017cki mas\u0142a, roz\u0142o\u017cy\u0107 po\u0142ow\u0119 masy makaronowej i sma\u017cy\u0107 omlet, a\u017c sp\u00f3d si\u0119 zrumieni a wierzch zetnie.<br \/>\n4. Na po\u0142owie omletowego placka u\u0142o\u017cy\u0107 p\u00f3l szklanki krojonej w\u0119dliny, z\u0142o\u017cy\u0107 omlet na po\u0142ow\u0119 i jeszcze chwil\u0119 podgrzewa\u0107. Tak samo post\u0105pi\u0107 z drugim omletem. Kiedy s\u0105 gotowe podzieli\u0107 ka\u017cdy na dwie porcje.<\/p>\n","protected":false},"excerpt":{"rendered":"<p>P\u00f3\u0142 paczki (25 dag) najcie\u0144szego makaronu (roso\u0142owego), 4 jaja, 2 p\u0142askie \u0142y\u017cki m\u0105ki, szklanka mleka, s\u00f3l, pieprz, 2 \u0142y\u017cki siekanej zielonej pietruszki lub szczypiorku, szklanka pokrojonej w kostk\u0119 w\u0119dliny: szynki, kie\u0142basy, par\u00f3wek, \u0142y\u017cka mas\u0142a.\u00a0 1. Makaron ugotowa\u0107 i odcedzi\u0107. 2. Wymiesza\u0107 jaja, m\u0105k\u0119 i mleko, doda\u0107 s\u00f3l, pieprz i zielon\u0105 pietruszk\u0119, na koniec makaron, wymiesza\u0107. [&hellip;]<\/p>\n","protected":false},"author":2,"featured_media":0,"comment_status":"open","ping_status":"open","sticky":false,"template":"","format":"standard","meta":{"footnotes":""},"categories":[1],"tags":[],"_links":{"self":[{"href":"https:\/\/blog.polityka.pl\/adamczewski\/wp-json\/wp\/v2\/posts\/10244"}],"collection":[{"href":"https:\/\/blog.polityka.pl\/adamczewski\/wp-json\/wp\/v2\/posts"}],"about":[{"href":"https:\/\/blog.polityka.pl\/adamczewski\/wp-json\/wp\/v2\/types\/post"}],"author":[{"embeddable":true,"href":"https:\/\/blog.polityka.pl\/adamczewski\/wp-json\/wp\/v2\/users\/2"}],"replies":[{"embeddable":true,"href":"https:\/\/blog.polityka.pl\/adamczewski\/wp-json\/wp\/v2\/comments?post=10244"}],"version-history":[{"count":0,"href":"https:\/\/blog.polityka.pl\/adamczewski\/wp-json\/wp\/v2\/posts\/10244\/revisions"}],"wp:attachment":[{"href":"https:\/\/blog.polityka.pl\/adamczewski\/wp-json\/wp\/v2\/media?parent=10244"}],"wp:term":[{"taxonomy":"category","embeddable":true,"href":"https:\/\/blog.polityka.pl\/adamczewski\/wp-json\/wp\/v2\/categories?post=10244"},{"taxonomy":"post_tag","embeddable":true,"href":"https:\/\/blog.polityka.pl\/adamczewski\/wp-json\/wp\/v2\/tags?post=10244"}],"curies":[{"name":"wp","href":"https:\/\/api.w.org\/{rel}","templated":true}]}}