
{"id":10245,"date":"2009-05-17T18:57:16","date_gmt":"2009-05-17T17:57:16","guid":{"rendered":"http:\/\/adamczewscy.pl\/?p=2464"},"modified":"2009-05-17T18:57:16","modified_gmt":"2009-05-17T17:57:16","slug":"kotlety-z-kurczaka-i-papryki","status":"publish","type":"post","link":"https:\/\/blog.polityka.pl\/adamczewski\/2009\/05\/17\/kotlety-z-kurczaka-i-papryki\/","title":{"rendered":"Kotlety z kurczaka i papryki"},"content":{"rendered":"<p><em>Podw\u00f3jny filet z piersi kurczaka, 30 dag pieczarek, str\u0105k czerwonej lub \u017c\u00f3\u0142tej papryki, 3 \u0142y\u017ceczki m\u0105ki ziemniaczanej, dymka, 3 jaja, 3 \u0142y\u017cki siekanej zielonej pietruszki, s\u00f3l, pieprz, p\u00f3\u0142 szklanki oleju.\u00a0<\/em><\/p>\n<p>1. Filet kurcz\u0119cy pokroi\u0107 w  drobn\u0105 kostk\u0119, posypa\u0107 sola i pieprzem. Odstawi\u0107.<br \/>\n2. Pieczarki i cebul\u0119 posieka\u0107, papryk\u0119 pokroi\u0107 w drobn\u0105 kostk\u0119.<br \/>\n3. Na dw\u00f3ch \u0142y\u017ckach oleju podsma\u017cy\u0107 cebul\u0119, doda\u0107 pieczarki, po chwili doda\u0107 pokrojon\u0105 papryk\u0119. Usma\u017cone odstawi\u0107 do przestygni\u0119cia.<br \/>\n4. Wymiesza\u0107 m\u0105k\u0119, jajka, mi\u0119so, usma\u017cone pieczarki z papryk\u0105, doprawi\u0107 sol\u0105, pieprzem i siekan\u0105 zielon\u0105 pietruszk\u0105, wymiesza\u0107.<br \/>\n5. Na patelni rozgrza\u0107 pozosta\u0142y olej, nabiera\u0107 \u0142y\u017ck\u0105 po trochu masy , formowa\u0107 kotlety i sma\u017cy\u0107 na z\u0142oto z obu stron.<\/p>\n<p>Mo\u017cna panierowa\u0107 kotlety w tartej bu\u0142ce, ale nie jest to konieczne.<\/p>\n","protected":false},"excerpt":{"rendered":"<p>Podw\u00f3jny filet z piersi kurczaka, 30 dag pieczarek, str\u0105k czerwonej lub \u017c\u00f3\u0142tej papryki, 3 \u0142y\u017ceczki m\u0105ki ziemniaczanej, dymka, 3 jaja, 3 \u0142y\u017cki siekanej zielonej pietruszki, s\u00f3l, pieprz, p\u00f3\u0142 szklanki oleju.\u00a0 1. Filet kurcz\u0119cy pokroi\u0107 w drobn\u0105 kostk\u0119, posypa\u0107 sola i pieprzem. Odstawi\u0107. 2. Pieczarki i cebul\u0119 posieka\u0107, papryk\u0119 pokroi\u0107 w drobn\u0105 kostk\u0119. 3. Na dw\u00f3ch [&hellip;]<\/p>\n","protected":false},"author":2,"featured_media":0,"comment_status":"open","ping_status":"open","sticky":false,"template":"","format":"standard","meta":{"footnotes":""},"categories":[1],"tags":[],"_links":{"self":[{"href":"https:\/\/blog.polityka.pl\/adamczewski\/wp-json\/wp\/v2\/posts\/10245"}],"collection":[{"href":"https:\/\/blog.polityka.pl\/adamczewski\/wp-json\/wp\/v2\/posts"}],"about":[{"href":"https:\/\/blog.polityka.pl\/adamczewski\/wp-json\/wp\/v2\/types\/post"}],"author":[{"embeddable":true,"href":"https:\/\/blog.polityka.pl\/adamczewski\/wp-json\/wp\/v2\/users\/2"}],"replies":[{"embeddable":true,"href":"https:\/\/blog.polityka.pl\/adamczewski\/wp-json\/wp\/v2\/comments?post=10245"}],"version-history":[{"count":0,"href":"https:\/\/blog.polityka.pl\/adamczewski\/wp-json\/wp\/v2\/posts\/10245\/revisions"}],"wp:attachment":[{"href":"https:\/\/blog.polityka.pl\/adamczewski\/wp-json\/wp\/v2\/media?parent=10245"}],"wp:term":[{"taxonomy":"category","embeddable":true,"href":"https:\/\/blog.polityka.pl\/adamczewski\/wp-json\/wp\/v2\/categories?post=10245"},{"taxonomy":"post_tag","embeddable":true,"href":"https:\/\/blog.polityka.pl\/adamczewski\/wp-json\/wp\/v2\/tags?post=10245"}],"curies":[{"name":"wp","href":"https:\/\/api.w.org\/{rel}","templated":true}]}}