
{"id":10246,"date":"2009-05-17T18:59:59","date_gmt":"2009-05-17T17:59:59","guid":{"rendered":"http:\/\/adamczewscy.pl\/?p=2465"},"modified":"2009-05-17T18:59:59","modified_gmt":"2009-05-17T17:59:59","slug":"kokardki-z-boczniakiem-w-sosie-pomidorowym","status":"publish","type":"post","link":"https:\/\/blog.polityka.pl\/adamczewski\/2009\/05\/17\/kokardki-z-boczniakiem-w-sosie-pomidorowym\/","title":{"rendered":"Kokardki z boczniakiem w sosie pomidorowym"},"content":{"rendered":"<p><em>? kg boczniak\u00f3w, 4 \u0142y\u017cki oleju lub oliwy z oliwek, p\u00f3\u0142 puszki krojonych pomidor\u00f3w w soku,  s\u00f3l, pieprz, kopiasta \u0142y\u017ceczka suszonego majeranku lub \u0142y\u017cka posiekanego \u015bwie\u017cego, \u0142y\u017cka posiekanych li\u015bci \u015bwie\u017cej bazylii, ok. 40 dag makaronu wst\u0105\u017cki, 4 \u0142y\u017cki startego parmezanu lub innego twardego sera.\u00a0<\/em><\/p>\n<p>1. Boczniaki pokroi\u0107 w paski usuwaj\u0105c twarde n\u00f3\u017cki.<br \/>\n2. W garnku rozgrza\u0107 olej, doda\u0107 pokrojone boczniaki i sma\u017cy\u0107 5-6 minut.<br \/>\n3. Do podsma\u017conych boczniak\u00f3w doda\u0107 krojone pomidory, doprawi\u0107  sol\u0105, pieprzem i majerankiem. Dusi\u0107 5 minut.<br \/>\n4. Do boczniak\u00f3w z pomidorami wla\u0107 4 szklanki wrz\u0105cej wody i suchy makaron. Miesza\u0107 do momentu zagotowania. Dusi\u0107 pod przykryciem oko\u0142o 10 minut. Nie nale\u017cy energicznie miesza\u0107, jedynie pilnowa\u0107, aby potrawa nie przywar\u0142a do dna.<br \/>\n5. Gotowe danie najlepiej podawa\u0107 w garnku, w kt\u00f3rym si\u0119 gotowa\u0142o, posypane siekanymi listkami bazylii.<\/p>\n","protected":false},"excerpt":{"rendered":"<p>? kg boczniak\u00f3w, 4 \u0142y\u017cki oleju lub oliwy z oliwek, p\u00f3\u0142 puszki krojonych pomidor\u00f3w w soku, s\u00f3l, pieprz, kopiasta \u0142y\u017ceczka suszonego majeranku lub \u0142y\u017cka posiekanego \u015bwie\u017cego, \u0142y\u017cka posiekanych li\u015bci \u015bwie\u017cej bazylii, ok. 40 dag makaronu wst\u0105\u017cki, 4 \u0142y\u017cki startego parmezanu lub innego twardego sera.\u00a0 1. Boczniaki pokroi\u0107 w paski usuwaj\u0105c twarde n\u00f3\u017cki. 2. W garnku [&hellip;]<\/p>\n","protected":false},"author":2,"featured_media":0,"comment_status":"open","ping_status":"open","sticky":false,"template":"","format":"standard","meta":{"footnotes":""},"categories":[1],"tags":[],"_links":{"self":[{"href":"https:\/\/blog.polityka.pl\/adamczewski\/wp-json\/wp\/v2\/posts\/10246"}],"collection":[{"href":"https:\/\/blog.polityka.pl\/adamczewski\/wp-json\/wp\/v2\/posts"}],"about":[{"href":"https:\/\/blog.polityka.pl\/adamczewski\/wp-json\/wp\/v2\/types\/post"}],"author":[{"embeddable":true,"href":"https:\/\/blog.polityka.pl\/adamczewski\/wp-json\/wp\/v2\/users\/2"}],"replies":[{"embeddable":true,"href":"https:\/\/blog.polityka.pl\/adamczewski\/wp-json\/wp\/v2\/comments?post=10246"}],"version-history":[{"count":0,"href":"https:\/\/blog.polityka.pl\/adamczewski\/wp-json\/wp\/v2\/posts\/10246\/revisions"}],"wp:attachment":[{"href":"https:\/\/blog.polityka.pl\/adamczewski\/wp-json\/wp\/v2\/media?parent=10246"}],"wp:term":[{"taxonomy":"category","embeddable":true,"href":"https:\/\/blog.polityka.pl\/adamczewski\/wp-json\/wp\/v2\/categories?post=10246"},{"taxonomy":"post_tag","embeddable":true,"href":"https:\/\/blog.polityka.pl\/adamczewski\/wp-json\/wp\/v2\/tags?post=10246"}],"curies":[{"name":"wp","href":"https:\/\/api.w.org\/{rel}","templated":true}]}}